{"id":9598,"date":"2014-12-09T09:03:55","date_gmt":"2014-12-09T08:03:55","guid":{"rendered":"https:\/\/alzira.es\/registro-administrativo-de-facturas\/"},"modified":"2014-12-09T09:03:55","modified_gmt":"2014-12-09T08:03:55","slug":"registro-administrativo-de-facturas","status":"publish","type":"post","link":"https:\/\/alzira.es\/es\/registro-administrativo-de-facturas\/","title":{"rendered":"Registro administrativo de facturas"},"content":{"rendered":"<p style=\"text-align: justify;\"><span style=\"font-size: 12pt;\">La Ley 25\/2013, de 27 de diciembre, de impulso de la factura electr\u00f3nica y creaci\u00f3n del registro contable de facturas en el sector p\u00fablico, establece la obligaci\u00f3n de presentar en un registro administrativo las facturas emitidas en el marco de las relaciones jur\u00eddicas entre proveedores de bienes y servicios y las Administraciones p\u00fablicas, para la que dispone la creaci\u00f3n del registro contable de facturas que facilite su seguimiento.<\/span><\/p>\n<p style=\"text-align: justify;\"><span style=\"font-size: 12pt;\">La obligaci\u00f3n de registrar administrativamente las facturas lo ser\u00e1 desde el d\u00eda <strong>1 de enero de 2015<\/strong>.<\/span><\/p>\n<p style=\"text-align: justify;\"><span style=\"font-size: 12pt;\">Como impulso a la factura electr\u00f3nica, se establece que todos los proveedores que hayan entregado bienes o prestado servicios al Ayuntamiento podr\u00e1n expedir y remitir la factura en formato electr\u00f3nico. <\/span><\/p>\n<p style=\"text-align: justify;\"><span style=\"font-size: 12pt;\">En todo caso, estar\u00e1n obligadas al uso de la factura electr\u00f3nica y a su presentaci\u00f3n, a trav\u00e9s del punto general de entrada de facturas electr\u00f3nicas, las sociedades mercantiles y dem\u00e1s entidades con personalidad jur\u00eddica. No obstante, las Administraciones p\u00fablicas pueden excluir reglamentariamente de esta obligaci\u00f3n de facturaci\u00f3n electr\u00f3nica a las facturas, cuyo importe sea de hasta 5.000 euros. <\/span><\/p>\n<p style=\"text-align: justify;\"><span style=\"font-size: 12pt;\">Esta obligaci\u00f3n de presentaci\u00f3n de factura electr\u00f3nica entrar\u00e1 en vigor el pr\u00f3ximo <strong>15 de enero de 2015<\/strong>.<\/span><\/p>\n<p style=\"text-align: justify;\"><span style=\"font-size: 12pt;\">Este Ayuntamiento dispone desde el 2010 un portal de entrada de facturas electr\u00f3nicas. No obstante, el Ayuntamiento podr\u00e1 adherirse al punto general de entrada de facturas electr\u00f3nicas que proporcione el Estado, la comunidad aut\u00f3noma y la Diputaci\u00f3n.<\/span><\/p>\n<p style=\"text-align: justify;\"><span style=\"font-size: 12pt;\">Por todo ello, la Junta de Gobierno Local, en sesi\u00f3n celebrada el 26 de noviembre de 2014, adopt\u00f3, entre otros, el siguiente ACUERDO:<\/span><\/p>\n<p style=\"text-align: justify;\"><i><span style=\"font-size: 12pt;\">Primero.<\/span><\/i><span style=\"font-size: 12pt;\"> Los proveedores que hayan entregado bienes o prestado servicios al Ayuntamiento tienen la obligaci\u00f3n de presentar las facturas o documentos justificativos en alguno de los siguientes registros administrativos: <\/span><\/p>\n<ul style=\"text-align: justify;\">\n<li><span style=\"font-size: 12pt;\">Registro general de entrada del Ayuntamiento<\/span><\/li>\n<li><span style=\"font-size: 12pt;\">Portal de Facturaci\u00f3n Electr\u00f3nica del Ayuntamiento <\/span><\/li>\n<li><span style=\"font-size: 12pt;\">Portal de Facturaci\u00f3n Electr\u00f3nica de la Administraci\u00f3n General del Estado (FACE), comunidad aut\u00f3noma o Diputaci\u00f3n, en caso de que el Ayuntamiento decidiere adherirse a los mismos. <\/span><\/li>\n<\/ul>\n<p style=\"text-align: justify;\"><span style=\"font-size: 12pt;\">En la presentaci\u00f3n de las facturas en el registro debe quedar clara la identificaci\u00f3n del proveedor y el departamento o persona al servicio del Ayuntamiento al que se remita la factura.<\/span><\/p>\n<p style=\"text-align: justify;\"><span style=\"font-size: 12pt;\">Sin la inscripci\u00f3n de la factura en cualquiera de los registros administrativos citados no se reconocer\u00e1 la obligaci\u00f3n derivada de las prestaciones realizadas a favor del Ayuntamiento. La recepci\u00f3n de la factura por medios electr\u00f3nicos o a trav\u00e9s del registro administrativo producir\u00e1 los efectos de inicio del c\u00f3mputo de plazo de pago en los t\u00e9rminos de la Ley 3\/2004, de 29 de diciembre, por la que se establecen medidas de lucha contra la morosidad en las operaciones comerciales. <\/span><\/p>\n<p style=\"text-align: justify;\"><i><span style=\"font-size: 12pt;\">Segundo.<\/span><\/i><span style=\"font-size: 12pt;\"> Una vez anotadas en el registro administrativo de facturas, se registrar\u00e1n contablemente por la Intervenci\u00f3n municipal con car\u00e1cter previo a su remisi\u00f3n al \u00f3rgano responsable de la tramitaci\u00f3n de la factura.<\/span><\/p>\n<p style=\"text-align: justify;\"><i><span style=\"font-size: 12pt;\">Tercero.<\/span><\/i><span style=\"font-size: 12pt;\"> La Intervenci\u00f3n deber\u00e1 trasladar la factura al departamento gestor para su tramitaci\u00f3n (aceptaci\u00f3n o rechazo). <\/span><\/p>\n<p style=\"text-align: justify;\"><i><span style=\"font-size: 12pt;\">Cuarto.<\/span><\/i><span style=\"font-size: 12pt;\"> La Intervenci\u00f3n informar\u00e1 mensualmente a la Alcald\u00eda de las personas que en ese mes se hayan demorado en la conformidad o rechazo de las facturas m\u00e1s de quince d\u00edas.<\/span><\/p>\n<p style=\"text-align: justify;\"><i><span style=\"font-size: 12pt;\">Quinto.<\/span><\/i><span style=\"font-size: 12pt;\">Se excluye de la obligaci\u00f3n de presentar las facturas electr\u00f3nicamente a aquellas cuyo importe sea de <strong>hasta 5.000,00 euros<\/strong>.<\/span><\/p>\n","protected":false},"excerpt":{"rendered":"<p>La Ley 25\/2013, de 27 de diciembre, de impulso de la factura electr\u00f3nica y creaci\u00f3n del registro contable de facturas en el sector p\u00fablico, establece la obligaci\u00f3n de presentar en un registro administrativo las facturas emitidas en el marco de las relaciones jur\u00eddicas entre proveedores de bienes y servicios y las Administraciones p\u00fablicas, para la &hellip; <\/p>\n<p class=\"link-more\"><a href=\"https:\/\/alzira.es\/es\/registro-administrativo-de-facturas\/\" class=\"more-link\">Continuar leyendo<span class=\"screen-reader-text\"> \u00abRegistro administrativo de facturas\u00bb<\/span><\/a><\/p>\n","protected":false},"author":12,"featured_media":0,"comment_status":"","ping_status":"","sticky":false,"template":"","format":"standard","meta":{"_acf_changed":false,"footnotes":""},"categories":[],"tags":[],"class_list":["post-9598","post","type-post","status-publish","format-standard","hentry"],"acf":[],"_links":{"self":[{"href":"https:\/\/alzira.es\/es\/wp-json\/wp\/v2\/posts\/9598","targetHints":{"allow":["GET"]}}],"collection":[{"href":"https:\/\/alzira.es\/es\/wp-json\/wp\/v2\/posts"}],"about":[{"href":"https:\/\/alzira.es\/es\/wp-json\/wp\/v2\/types\/post"}],"author":[{"embeddable":true,"href":"https:\/\/alzira.es\/es\/wp-json\/wp\/v2\/users\/12"}],"replies":[{"embeddable":true,"href":"https:\/\/alzira.es\/es\/wp-json\/wp\/v2\/comments?post=9598"}],"version-history":[{"count":0,"href":"https:\/\/alzira.es\/es\/wp-json\/wp\/v2\/posts\/9598\/revisions"}],"wp:attachment":[{"href":"https:\/\/alzira.es\/es\/wp-json\/wp\/v2\/media?parent=9598"}],"wp:term":[{"taxonomy":"category","embeddable":true,"href":"https:\/\/alzira.es\/es\/wp-json\/wp\/v2\/categories?post=9598"},{"taxonomy":"post_tag","embeddable":true,"href":"https:\/\/alzira.es\/es\/wp-json\/wp\/v2\/tags?post=9598"}],"curies":[{"name":"wp","href":"https:\/\/api.w.org\/{rel}","templated":true}]}}