{"id":90633,"date":"2021-06-30T17:43:16","date_gmt":"2021-06-30T15:43:16","guid":{"rendered":"https:\/\/alzira.es\/convocatoria-per-a-la-seleccio-del-lloc-de-professor-a-de-prevencio-de-riscos-laborals\/"},"modified":"2021-09-20T17:43:16","modified_gmt":"2021-09-20T15:43:16","slug":"convocatoria-per-a-la-seleccio-del-lloc-de-professor-a-de-prevencio-de-riscos-laborals","status":"publish","type":"post","link":"https:\/\/alzira.es\/es\/convocatoria-per-a-la-seleccio-del-lloc-de-professor-a-de-prevencio-de-riscos-laborals\/","title":{"rendered":"Convocat\u00f2ria per a la selecci\u00f3 del lloc de Professor\/a de PREVENCI\u00d3 DE RISCOS LABORALS"},"content":{"rendered":"<p style=\"text-align: justify;\"><span style=\"color: #ff6600;\"><strong>ESCOLA D&#8217;OCUPACI\u00d3 ET FORMEM REVITALZIRA 2021<\/strong><\/span><\/p>\n<p style=\"text-align: justify;\">Es publica la convocat\u00f2ria per a la selecci\u00f3 del lloc de <strong>Professor\/a de<\/strong>l m\u00f2dul de formaci\u00f3 complement\u00e0ria B\u00c0SIC DE <strong>PREVENCI\u00d3 DE RISCOS LABORALS<\/strong> (FCOS02) de l&#8217;Escola d&#8217;Ocupaci\u00f3 ET FORMEM: REVITALZIRA&nbsp;2021.<\/p>\n<p style=\"text-align: justify;\"><strong>Termini presentaci\u00f3 sol\u00b7licituds:<\/strong> Del l&#8217;1 al 7 de juliol de 2021, tots dos inclusivament.<\/p>\n<p style=\"text-align: justify;\"><em><span style=\"color: #3366ff;\"><a href=\"https:\/\/www.idea-alzira.com\/et-formem\"><span style=\"color: #3366ff;\">https:\/\/www.idea-alzira.com\/et-formem<\/span><\/a><\/span><\/em><\/p>\n<p style=\"text-align: center;\"><a title=\"REVITALZIRA 2021\" href=\"https:\/\/www.idea-alzira.com\/et-formem\" target=\"_blank\" rel=\"noopener\"><img decoding=\"async\" data-src=\"contenidos\/agenda\/2021\/07\/REVITALZIRA_2021.png\" alt=\"REVITALZIRA 2021\" src=\"data:image\/svg+xml;base64,PHN2ZyB3aWR0aD0iMSIgaGVpZ2h0PSIxIiB4bWxucz0iaHR0cDovL3d3dy53My5vcmcvMjAwMC9zdmciPjwvc3ZnPg==\" class=\"lazyload\" \/><\/a><\/p>\n","protected":false},"excerpt":{"rendered":"<p>ESCOLA D&#8217;OCUPACI\u00d3 ET FORMEM REVITALZIRA 2021 Es publica la convocat\u00f2ria per a la selecci\u00f3 del lloc de Professor\/a del m\u00f2dul de formaci\u00f3 complement\u00e0ria B\u00c0SIC DE PREVENCI\u00d3 DE RISCOS LABORALS (FCOS02) de l&#8217;Escola d&#8217;Ocupaci\u00f3 ET FORMEM: REVITALZIRA&nbsp;2021. Termini presentaci\u00f3 sol\u00b7licituds: Del l&#8217;1 al 7 de juliol de 2021, tots dos inclusivament. https:\/\/www.idea-alzira.com\/et-formem<\/p>\n","protected":false},"author":145,"featured_media":0,"comment_status":"open","ping_status":"open","sticky":false,"template":"","format":"standard","meta":{"_acf_changed":false,"footnotes":""},"categories":[],"tags":[],"class_list":["post-90633","post","type-post","status-publish","format-standard","hentry"],"acf":[],"_links":{"self":[{"href":"https:\/\/alzira.es\/es\/wp-json\/wp\/v2\/posts\/90633","targetHints":{"allow":["GET"]}}],"collection":[{"href":"https:\/\/alzira.es\/es\/wp-json\/wp\/v2\/posts"}],"about":[{"href":"https:\/\/alzira.es\/es\/wp-json\/wp\/v2\/types\/post"}],"author":[{"embeddable":true,"href":"https:\/\/alzira.es\/es\/wp-json\/wp\/v2\/users\/145"}],"replies":[{"embeddable":true,"href":"https:\/\/alzira.es\/es\/wp-json\/wp\/v2\/comments?post=90633"}],"version-history":[{"count":0,"href":"https:\/\/alzira.es\/es\/wp-json\/wp\/v2\/posts\/90633\/revisions"}],"wp:attachment":[{"href":"https:\/\/alzira.es\/es\/wp-json\/wp\/v2\/media?parent=90633"}],"wp:term":[{"taxonomy":"category","embeddable":true,"href":"https:\/\/alzira.es\/es\/wp-json\/wp\/v2\/categories?post=90633"},{"taxonomy":"post_tag","embeddable":true,"href":"https:\/\/alzira.es\/es\/wp-json\/wp\/v2\/tags?post=90633"}],"curies":[{"name":"wp","href":"https:\/\/api.w.org\/{rel}","templated":true}]}}