{"id":90260,"date":"2021-05-26T10:34:14","date_gmt":"2021-05-26T08:34:14","guid":{"rendered":"https:\/\/alzira.es\/la-fumiga-actuara-a-casa-el-dia-de-sant-bernat\/"},"modified":"2021-05-26T10:34:14","modified_gmt":"2021-05-26T08:34:14","slug":"la-fumiga-actuara-a-casa-el-dia-de-sant-bernat","status":"publish","type":"post","link":"https:\/\/alzira.es\/es\/la-fumiga-actuara-a-casa-el-dia-de-sant-bernat\/","title":{"rendered":"La F\u00famiga actuar\u00e1 en casa el d\u00eda de Sant Bernat"},"content":{"rendered":"<h3 style=\"font-family: sans-serif;\"><em>\u2022 La banda alzire\u00f1a es una de las m\u00e1s importantes en el panorama musical valenciano<\/em><br \/><em>\u2022 Los horarios y condiciones de aforo se determinar\u00e1n cuando la Generalitat indique las nuevas condiciones<\/em><\/h3>\n<p style=\"font-family: sans-serif;\"><span style=\"vertical-align: inherit;\">Alzira acoger\u00e1 el&nbsp;<\/span><strong>pr\u00f3ximo 23 de julio<\/strong><span style=\"vertical-align: inherit;\">,&nbsp;<\/span><strong>festividad de Sant Bernat<\/strong><span style=\"vertical-align: inherit;\">, el&nbsp;<\/span><strong>concierto en el recinto ferial<\/strong><span style=\"vertical-align: inherit;\">&nbsp;de la&nbsp;<\/span><strong><span style=\"vertical-align: inherit;\"><span style=\"vertical-align: inherit;\">banda alzire\u00f1a&nbsp;<\/span><\/span><em><span style=\"vertical-align: inherit;\"><span style=\"vertical-align: inherit;\">\u00abLa f\u00famiga\u00bb<\/span><\/span><\/em><\/strong><span style=\"vertical-align: inherit;\">, una de las formaciones m\u00e1s potentes en el panorama musical valenciano.<\/span><\/p>\n<p style=\"font-family: sans-serif;\"><span style=\"vertical-align: inherit;\">El Concejal de Fiestas del Ayuntamiento de Alzira,&nbsp;<\/span><strong>Xavi P\u00e9rez<\/strong><span style=\"vertical-align: inherit;\">&nbsp;anunci\u00f3 hoy la celebraci\u00f3n de este&nbsp;<\/span><strong>concierto<\/strong><span style=\"vertical-align: inherit;\">, el&nbsp;<\/span><strong>pr\u00f3ximo 23 de julio<\/strong><span style=\"vertical-align: inherit;\">&nbsp;de 2021,&nbsp;<\/span><strong>d\u00eda de Sant Bernat<\/strong><span style=\"vertical-align: inherit;\">.&nbsp;<\/span><em>\u00abSe trata del primer concierto de fiestas, desde que comenz\u00f3 la pandemia y hay que tener en cuenta que las condiciones y medidas de seguridad as\u00ed como el aforo se limitar\u00e1n a lo que nos marque la <em style=\"font-family: sans-serif;\">Generalitat Valenciana<\/em>. Lo que est\u00e1 claro es que los asistentes tendr\u00e1n que estar sentados y en separaci\u00f3n seg\u00fan la normativa sanitaria\u00bb.<\/em><\/p>\n<p style=\"font-family: sans-serif;\"><span style=\"vertical-align: inherit;\">Desde la concejal\u00eda de Fiestas ha anunciado tambi\u00e9n que&nbsp;<\/span><strong>se est\u00e1 planificando otros eventos<\/strong><span style=\"vertical-align: inherit;\">&nbsp;que se ajusten a la normativa vigente para&nbsp;<\/span><em><span style=\"vertical-align: inherit;\"><span style=\"vertical-align: inherit;\">\u00abreactivar el sector del espect\u00e1culo y como no, que sirva de vacuna social y cultural para los alzire\u00f1os \u00ab.&nbsp;<\/span><span style=\"vertical-align: inherit;\">\u00abSeguimos trabajando para poder ofrecer a toda la ciudadan\u00eda, opciones para disfrutar de la cultura y la m\u00fasica de manera segura\u00bb.<\/span><\/span><\/em><\/p>\n<p style=\"font-family: sans-serif;\"><span style=\"vertical-align: inherit;\">El&nbsp;<\/span><strong>grupo alzire\u00f1o&nbsp;<\/strong><em><strong><span style=\"vertical-align: inherit;\"><span style=\"vertical-align: inherit;\">\u00abLa f\u00famiga\u00bb<\/span><\/span><\/strong>&nbsp;<\/em><span style=\"vertical-align: inherit;\">ha estrenado esta misma semana su \u00faltimo tema junto a la joven valenciana&nbsp;<\/span><strong>Samantha Gilabert<\/strong><span style=\"vertical-align: inherit;\">, ex concursante de OT.&nbsp;<em style=\"font-family: sans-serif;\"><strong>\u00abJa no fa mal\u00bb&nbsp;<\/strong><\/em><\/span><span style=\"vertical-align: inherit;\">es la canci\u00f3n en que se muestra una colaboraci\u00f3n que transmite optimismo y verano festivo.<\/span><\/p>\n<p style=\"font-family: sans-serif;\"><span style=\"vertical-align: inherit;\">La f\u00famiga lleg\u00f3 a la escena musical en 2019 con su <span style=\"text-decoration: underline;\">\u00e1lbum<\/span> debut&nbsp;<\/span><em><strong>&#8216;Exprimidores&#8217;<\/strong><\/em><span style=\"vertical-align: inherit;\"><span style=\"vertical-align: inherit;\">&nbsp;y cuenta con millones de reproducciones digitales.&nbsp;<\/span><span style=\"vertical-align: inherit;\">Con su <span style=\"text-decoration: underline;\">EP<\/span>&nbsp;<\/span><\/span><em><strong>&#8216;Pr\u00f3xima parada&#8217;<\/strong><\/em><span style=\"vertical-align: inherit;\"><span style=\"vertical-align: inherit;\">&nbsp;, la banda mantuvo su fuerte compromiso con la m\u00fasica en tiempos de pandemia.&nbsp;<\/span><span style=\"vertical-align: inherit;\">Por ello, obtuvo el&nbsp;<\/span><\/span><strong>premio Tresdeu<\/strong><span style=\"vertical-align: inherit;\">&nbsp;al&nbsp;<\/span><strong>mejor lanzamiento musical de 2020<\/strong><span style=\"vertical-align: inherit;\"><span style=\"vertical-align: inherit;\">.&nbsp;<\/span><span style=\"vertical-align: inherit;\">Con una sonoridad impactante, La f\u00famiga lleva la fiesta y la energ\u00eda a cualquier parte del planeta.<\/span><\/span><\/p>\n<p style=\"text-align: center;\"><img fetchpriority=\"high\" decoding=\"async\" src=\"https:\/\/alzira.es\/wp-content\/uploads\/2021\/09\/La_F\u00famiga-2020.jpg\" alt=\"La F\u00famiga-2020\" width=\"900\" height=\"600\" \/>&nbsp;<\/p>\n","protected":false},"excerpt":{"rendered":"<p>\u2022 La banda alzire\u00f1a es una de las m\u00e1s importantes en el panorama musical valenciano\u2022 Los horarios y condiciones de aforo se determinar\u00e1n cuando la Generalitat indique las nuevas condiciones Alzira acoger\u00e1 el&nbsp;pr\u00f3ximo 23 de julio,&nbsp;festividad de Sant Bernat, el&nbsp;concierto en el recinto ferial&nbsp;de la&nbsp;banda alzire\u00f1a&nbsp;\u00abLa f\u00famiga\u00bb, una de las formaciones m\u00e1s potentes en el &hellip; <\/p>\n<p class=\"link-more\"><a href=\"https:\/\/alzira.es\/es\/la-fumiga-actuara-a-casa-el-dia-de-sant-bernat\/\" class=\"more-link\">Continuar leyendo<span class=\"screen-reader-text\"> \u00abLa F\u00famiga actuar\u00e1 en casa el d\u00eda de Sant Bernat\u00bb<\/span><\/a><\/p>\n","protected":false},"author":29,"featured_media":0,"comment_status":"closed","ping_status":"closed","sticky":false,"template":"","format":"standard","meta":{"_acf_changed":false,"footnotes":""},"categories":[4936],"tags":[],"class_list":["post-90260","post","type-post","status-publish","format-standard","hentry","category-hemeroteca-es"],"acf":[],"_links":{"self":[{"href":"https:\/\/alzira.es\/es\/wp-json\/wp\/v2\/posts\/90260","targetHints":{"allow":["GET"]}}],"collection":[{"href":"https:\/\/alzira.es\/es\/wp-json\/wp\/v2\/posts"}],"about":[{"href":"https:\/\/alzira.es\/es\/wp-json\/wp\/v2\/types\/post"}],"author":[{"embeddable":true,"href":"https:\/\/alzira.es\/es\/wp-json\/wp\/v2\/users\/29"}],"replies":[{"embeddable":true,"href":"https:\/\/alzira.es\/es\/wp-json\/wp\/v2\/comments?post=90260"}],"version-history":[{"count":0,"href":"https:\/\/alzira.es\/es\/wp-json\/wp\/v2\/posts\/90260\/revisions"}],"wp:attachment":[{"href":"https:\/\/alzira.es\/es\/wp-json\/wp\/v2\/media?parent=90260"}],"wp:term":[{"taxonomy":"category","embeddable":true,"href":"https:\/\/alzira.es\/es\/wp-json\/wp\/v2\/categories?post=90260"},{"taxonomy":"post_tag","embeddable":true,"href":"https:\/\/alzira.es\/es\/wp-json\/wp\/v2\/tags?post=90260"}],"curies":[{"name":"wp","href":"https:\/\/api.w.org\/{rel}","templated":true}]}}