{"id":90258,"date":"2021-05-26T10:04:25","date_gmt":"2021-05-26T08:04:25","guid":{"rendered":"https:\/\/alzira.es\/la-cornisa-del-col-legi-lluis-vives-esta-reparant-se-per-a-evitar-despreniments\/"},"modified":"2021-05-26T10:04:25","modified_gmt":"2021-05-26T08:04:25","slug":"la-cornisa-del-col-legi-lluis-vives-esta-reparant-se-per-a-evitar-despreniments","status":"publish","type":"post","link":"https:\/\/alzira.es\/es\/la-cornisa-del-col-legi-lluis-vives-esta-reparant-se-per-a-evitar-despreniments\/","title":{"rendered":"La cornisa del colegio Llu\u00eds Vives est\u00e1 repar\u00e1ndose para evitar desprendimientos"},"content":{"rendered":"<p style=\"font-family: sans-serif;\"><span style=\"vertical-align: inherit;\">El&nbsp;<\/span><strong>centro educativo Luis Vives<\/strong><span style=\"vertical-align: inherit;\">&nbsp;est\u00e1 siendo objeto de&nbsp;<\/span><strong>mejoras estructurales<\/strong><span style=\"vertical-align: inherit;\">, concretamente&nbsp;<\/span><strong>se est\u00e1 procediendo a reparar la cornisa debido a unos desprendimientos de esta<\/strong><span style=\"vertical-align: inherit;\">, por lo que se ha tenido que actuar con celeridad para dar soluci\u00f3n y evitar el peligro que esto puede conllevar.<\/span><\/p>\n<p style=\"font-family: sans-serif;\"><span style=\"vertical-align: inherit;\"><span style=\"vertical-align: inherit;\">El mantenimiento de los colegios es una de las atribuciones delegadas a la Concejal\u00eda de Servicios Urbanos.&nbsp;<\/span><span style=\"vertical-align: inherit;\">En todo momento se est\u00e1 en contacto con los responsables de los centros con el fin de conocer las necesidades que plantean para mantener en condiciones los espacios docentes.<\/span><\/span><\/p>\n<p style=\"font-family: sans-serif;\"><em><span style=\"vertical-align: inherit;\"><span style=\"vertical-align: inherit;\">\u00abNuestra tarea es la de trabajar siempre para que los centros educativos tengan un uso eficiente y sean espacios seguros y adecuados para la correcta docencia sin que suponga riesgo para la comunidad escolar.&nbsp;<\/span><span style=\"vertical-align: inherit;\">Por lo tanto, somos conscientes de la necesidad de realizar un exhaustivo mantenimiento\u00bb<\/span><\/span><\/em><span style=\"vertical-align: inherit;\">, seg\u00fan&nbsp;<\/span><strong>Fernando Pascual<\/strong><span style=\"vertical-align: inherit;\">, concejal de Servicios Urbanos.<\/span><\/p>\n<p style=\"text-align: center;\">&nbsp;<img fetchpriority=\"high\" decoding=\"async\" src=\"https:\/\/alzira.es\/wp-content\/uploads\/2021\/09\/centre_educatiu_1.jpg\" alt=\"centre educatiu 1\" width=\"707\" height=\"530\" \/>&nbsp;<img decoding=\"async\" style=\"--smush-placeholder-width: 398px; --smush-placeholder-aspect-ratio: 398\/531;text-align: center;\" data-src=\"https:\/\/alzira.es\/wp-content\/uploads\/2021\/09\/centre_educatiu_2.jpg\" alt=\"centre educatiu 2\" width=\"398\" height=\"531\" src=\"data:image\/svg+xml;base64,PHN2ZyB3aWR0aD0iMSIgaGVpZ2h0PSIxIiB4bWxucz0iaHR0cDovL3d3dy53My5vcmcvMjAwMC9zdmciPjwvc3ZnPg==\" class=\"lazyload\" \/><\/p>\n","protected":false},"excerpt":{"rendered":"<p>El&nbsp;centro educativo Luis Vives&nbsp;est\u00e1 siendo objeto de&nbsp;mejoras estructurales, concretamente&nbsp;se est\u00e1 procediendo a reparar la cornisa debido a unos desprendimientos de esta, por lo que se ha tenido que actuar con celeridad para dar soluci\u00f3n y evitar el peligro que esto puede conllevar. El mantenimiento de los colegios es una de las atribuciones delegadas a la &hellip; <\/p>\n<p class=\"link-more\"><a href=\"https:\/\/alzira.es\/es\/la-cornisa-del-col-legi-lluis-vives-esta-reparant-se-per-a-evitar-despreniments\/\" class=\"more-link\">Continuar leyendo<span class=\"screen-reader-text\"> \u00abLa cornisa del colegio Llu\u00eds Vives est\u00e1 repar\u00e1ndose para evitar desprendimientos\u00bb<\/span><\/a><\/p>\n","protected":false},"author":29,"featured_media":0,"comment_status":"closed","ping_status":"closed","sticky":false,"template":"","format":"standard","meta":{"_acf_changed":false,"footnotes":""},"categories":[4936],"tags":[],"class_list":["post-90258","post","type-post","status-publish","format-standard","hentry","category-hemeroteca-es"],"acf":[],"_links":{"self":[{"href":"https:\/\/alzira.es\/es\/wp-json\/wp\/v2\/posts\/90258","targetHints":{"allow":["GET"]}}],"collection":[{"href":"https:\/\/alzira.es\/es\/wp-json\/wp\/v2\/posts"}],"about":[{"href":"https:\/\/alzira.es\/es\/wp-json\/wp\/v2\/types\/post"}],"author":[{"embeddable":true,"href":"https:\/\/alzira.es\/es\/wp-json\/wp\/v2\/users\/29"}],"replies":[{"embeddable":true,"href":"https:\/\/alzira.es\/es\/wp-json\/wp\/v2\/comments?post=90258"}],"version-history":[{"count":0,"href":"https:\/\/alzira.es\/es\/wp-json\/wp\/v2\/posts\/90258\/revisions"}],"wp:attachment":[{"href":"https:\/\/alzira.es\/es\/wp-json\/wp\/v2\/media?parent=90258"}],"wp:term":[{"taxonomy":"category","embeddable":true,"href":"https:\/\/alzira.es\/es\/wp-json\/wp\/v2\/categories?post=90258"},{"taxonomy":"post_tag","embeddable":true,"href":"https:\/\/alzira.es\/es\/wp-json\/wp\/v2\/tags?post=90258"}],"curies":[{"name":"wp","href":"https:\/\/api.w.org\/{rel}","templated":true}]}}