{"id":90256,"date":"2021-05-25T08:31:24","date_gmt":"2021-05-25T06:31:24","guid":{"rendered":"https:\/\/alzira.es\/el-regidor-d-esports-s-ha-reunit-amb-el-president-del-club-d-atletisme-la-rabosa-per-a-preparar-la-volta-a-peu-alzira-2021\/"},"modified":"2021-05-25T08:31:24","modified_gmt":"2021-05-25T06:31:24","slug":"el-regidor-d-esports-s-ha-reunit-amb-el-president-del-club-d-atletisme-la-rabosa-per-a-preparar-la-volta-a-peu-alzira-2021","status":"publish","type":"post","link":"https:\/\/alzira.es\/es\/el-regidor-d-esports-s-ha-reunit-amb-el-president-del-club-d-atletisme-la-rabosa-per-a-preparar-la-volta-a-peu-alzira-2021\/","title":{"rendered":"El concejal de Deportes se ha reunido con el presidente del Club de Atletismo La Rabosa para  preparar la Vuelta a pie Alzira 2021"},"content":{"rendered":"<p style=\"font-family: sans-serif;\"><span style=\"vertical-align: inherit;\">El&nbsp;<\/span><strong>s\u00e1bado 10 de julio<\/strong><span style=\"vertical-align: inherit;\">&nbsp;, a las&nbsp;<\/span><strong>19.30 horas<\/strong><span style=\"vertical-align: inherit;\">&nbsp;, Alzira acoger\u00e1 la&nbsp;<\/span><strong>33\u00aa Vuelta a Pie<\/strong><span style=\"vertical-align: inherit;\">&nbsp;, dentro de las <strong>fiestas patronales de&nbsp;<\/strong><\/span><strong>Sant Bernat<\/strong><span style=\"vertical-align: inherit;\">&nbsp;.<\/span><\/p>\n<p style=\"font-family: sans-serif;\"><span style=\"vertical-align: inherit;\">Debido a la pandemia, la Vuelta deber\u00e1 contar con medidas especiales, por lo tanto estar\u00e1 condicionada y regulada en las circunstancias que atravesamos el mes de julio, pero en todo momento atendiendo a las normas estipuladas desde la Consejer\u00eda de Sanidad Universal y Salud P\u00fablica de la Generalitat Valenciana.<\/span><\/p>\n<p style=\"font-family: sans-serif;\"><strong>Fernando Pascual<\/strong><span style=\"vertical-align: inherit;\">&nbsp;,&nbsp;<\/span><em>concejal de Deportes<\/em><span style=\"vertical-align: inherit;\">&nbsp;, junto con el t\u00e9cnico del Departamento, se han reunido con&nbsp;<\/span><strong>Facundo Botija<\/strong><span style=\"vertical-align: inherit;\">&nbsp;,&nbsp;<\/span><em>presidente del Club de Atletismo La Rabosa<\/em><span style=\"vertical-align: inherit;\">&nbsp;, organizador de la Vuelta.<\/span><\/p>\n<p style=\"font-family: sans-serif;\"><span style=\"vertical-align: inherit;\">A primeros, ya expensas de los cambios que puedan haber, el&nbsp;<\/span><strong>n\u00famero m\u00e1ximo de participantes<\/strong><span style=\"vertical-align: inherit;\">&nbsp;ser\u00eda de&nbsp;<\/span><strong>1.000 personas<\/strong><span style=\"vertical-align: inherit;\"><span style=\"vertical-align: inherit;\">&nbsp;, las cuales deber\u00edan recoger el dorsal el mismo d\u00eda de la Vuelta, siempre manteniendo la distancia y las medidas de seguridad;&nbsp;<\/span><span style=\"vertical-align: inherit;\">el uso de&nbsp;<\/span><\/span><strong>la mascarilla ser\u00e1 obligatorio<\/strong><span style=\"vertical-align: inherit;\">&nbsp;antes de la salida y una vez lleguen a la meta,&nbsp;<\/span><strong>se tomar\u00e1 la temperatura<\/strong><span style=\"vertical-align: inherit;\">&nbsp;y la zona de salida estar\u00e1 delimitada con distancia de seguridad para los y las participantes.<\/span><\/p>\n<p style=\"font-family: sans-serif;\"><span style=\"vertical-align: inherit;\"><span style=\"vertical-align: inherit;\">Las actuales medidas de restricciones obligar\u00edan a realizar&nbsp;<\/span><\/span><strong><span style=\"vertical-align: inherit;\"><span style=\"vertical-align: inherit;\">varios cambios<\/span><\/span><\/strong><span style=\"vertical-align: inherit;\"><span style=\"vertical-align: inherit;\">&nbsp;en la organizaci\u00f3n<\/span><\/span><span style=\"vertical-align: inherit;\"><span style=\"vertical-align: inherit;\">, como la suspensi\u00f3n de las pruebas de las categor\u00edas prebenjamines, benjamines, alevines e infantiles, las cuales deber\u00e1n disputarse antes de la prueba absoluta;&nbsp;<\/span><span style=\"vertical-align: inherit;\">la eliminaci\u00f3n del avituallamiento de final de carrera;&nbsp;<\/span><span style=\"vertical-align: inherit;\">la supresi\u00f3n del servicio de masajista y fisioterapeuta, as\u00ed como el servicio de duchas y la eliminaci\u00f3n de entrega de regalos al finalizar la prueba, realiz\u00e1ndose \u00fanicamente la entrega de trofeos.<\/span><\/span><\/p>\n<p style=\"font-family: sans-serif;\"><strong>Fernando Pascual<\/strong><span style=\"vertical-align: inherit;\">, como concejal encargado del \u00c1rea de Deportes,&nbsp;<\/span><em>se comprometi\u00f3 a trabajar codo a codo con el organizador de la Vuelta a fin de poder hacer realidad una de las competiciones deportivas m\u00e1s arraigadas en nuestra ciudad.<\/em><\/p>\n<p style=\"text-align: center;\"><img fetchpriority=\"high\" decoding=\"async\" src=\"https:\/\/alzira.es\/wp-content\/uploads\/2021\/09\/c.a._la_rabosa.jpg\" alt=\"c.a. la rabosa\" width=\"944\" height=\"425\" \/><\/p>\n","protected":false},"excerpt":{"rendered":"<p>El&nbsp;s\u00e1bado 10 de julio&nbsp;, a las&nbsp;19.30 horas&nbsp;, Alzira acoger\u00e1 la&nbsp;33\u00aa Vuelta a Pie&nbsp;, dentro de las fiestas patronales de&nbsp;Sant Bernat&nbsp;. Debido a la pandemia, la Vuelta deber\u00e1 contar con medidas especiales, por lo tanto estar\u00e1 condicionada y regulada en las circunstancias que atravesamos el mes de julio, pero en todo momento atendiendo a las normas &hellip; <\/p>\n<p class=\"link-more\"><a href=\"https:\/\/alzira.es\/es\/el-regidor-d-esports-s-ha-reunit-amb-el-president-del-club-d-atletisme-la-rabosa-per-a-preparar-la-volta-a-peu-alzira-2021\/\" class=\"more-link\">Continuar leyendo<span class=\"screen-reader-text\"> \u00abEl concejal de Deportes se ha reunido con el presidente del Club de Atletismo La Rabosa para  preparar la Vuelta a pie Alzira 2021\u00bb<\/span><\/a><\/p>\n","protected":false},"author":29,"featured_media":0,"comment_status":"closed","ping_status":"closed","sticky":false,"template":"","format":"standard","meta":{"_acf_changed":false,"footnotes":""},"categories":[4936],"tags":[],"class_list":["post-90256","post","type-post","status-publish","format-standard","hentry","category-hemeroteca-es"],"acf":[],"_links":{"self":[{"href":"https:\/\/alzira.es\/es\/wp-json\/wp\/v2\/posts\/90256","targetHints":{"allow":["GET"]}}],"collection":[{"href":"https:\/\/alzira.es\/es\/wp-json\/wp\/v2\/posts"}],"about":[{"href":"https:\/\/alzira.es\/es\/wp-json\/wp\/v2\/types\/post"}],"author":[{"embeddable":true,"href":"https:\/\/alzira.es\/es\/wp-json\/wp\/v2\/users\/29"}],"replies":[{"embeddable":true,"href":"https:\/\/alzira.es\/es\/wp-json\/wp\/v2\/comments?post=90256"}],"version-history":[{"count":0,"href":"https:\/\/alzira.es\/es\/wp-json\/wp\/v2\/posts\/90256\/revisions"}],"wp:attachment":[{"href":"https:\/\/alzira.es\/es\/wp-json\/wp\/v2\/media?parent=90256"}],"wp:term":[{"taxonomy":"category","embeddable":true,"href":"https:\/\/alzira.es\/es\/wp-json\/wp\/v2\/categories?post=90256"},{"taxonomy":"post_tag","embeddable":true,"href":"https:\/\/alzira.es\/es\/wp-json\/wp\/v2\/tags?post=90256"}],"curies":[{"name":"wp","href":"https:\/\/api.w.org\/{rel}","templated":true}]}}