{"id":90254,"date":"2021-05-24T10:12:00","date_gmt":"2021-05-24T08:12:00","guid":{"rendered":"https:\/\/alzira.es\/barranc-fosc\/"},"modified":"2021-05-24T10:12:00","modified_gmt":"2021-05-24T08:12:00","slug":"barranc-fosc","status":"publish","type":"post","link":"https:\/\/alzira.es\/es\/barranc-fosc\/","title":{"rendered":"Finalizadas las obras de acondicionamiento del barranc Fosc"},"content":{"rendered":"<p style=\"text-align: justify;\">Las <strong>obras<\/strong> de <strong>acondicionamiento<\/strong> del <strong><em>barranc Fosc<\/em><\/strong> han sido ejecutadas con el fin de evitar la llegada del agua del barranco a la confluencia del alcantarillado de la calle Josefina Fern\u00e1ndez, puesto que este es uno de los puntos m\u00e1s conflictivos cada vez que se producen lluvias torrenciales en nuestra ciudad.<\/p>\n<p>Los trabajo han consistido en la eliminaci\u00f3n de la rampa de acceso al <em>cam\u00ed Pescadors<\/em>, dejando un acceso para peatones y ciclistas; ejecuci\u00f3n de un muro en el <em>barranc de l&#8217;Estrela<\/em>; la instalaci\u00f3n de un arenero y de una infraestructura reguladora del caudal del <em>barranc Fosc<\/em>; as\u00ed como el recrecimiento de tramos perimetrales de muro.<\/p>\n<p>En estos momentos solo falta para instalar un reja de desbastado para retener los flotantes que puedan ser arrastrados por el agua, como pueden ser ca\u00f1as u otro tipo de suciedad que pueda obstruir el colector.<\/p>\n<p><strong>Fernando Pascual<\/strong>, regidor de Servicios Urbanos, <em>conf\u00eda que las obras de acondicionamiento ayudan a evitar o minimizar las inundaciones en caso de lluvias torrenciales, a la vez que recuerda el coste cero de la obra que ha sido ejecutada por la empresa Aig\u00fces de Val\u00e8ncia, a cargo de la bolsa de ahorro energ\u00e9tico<\/em>.<\/p>\n<p style=\"text-align: center;\"><a class=\"jcepopup\" title=\"obres de condicionament del barranc Fosc\" href=\"https:\/\/alzira.es\/wp-content\/uploads\/2021\/09\/obres_barranc_1.jpg\" target=\"_blank\" rel=\"noopener\"><img decoding=\"async\" data-src=\"https:\/\/alzira.es\/wp-content\/uploads\/2021\/09\/obres_barranc_1.jpg\" alt=\"obres barranc 1\" width=\"188\" height=\"250\" src=\"data:image\/svg+xml;base64,PHN2ZyB3aWR0aD0iMSIgaGVpZ2h0PSIxIiB4bWxucz0iaHR0cDovL3d3dy53My5vcmcvMjAwMC9zdmciPjwvc3ZnPg==\" class=\"lazyload\" style=\"--smush-placeholder-width: 188px; --smush-placeholder-aspect-ratio: 188\/250;\" \/><\/a>&nbsp;<a class=\"jcepopup\" style=\"font-size: 14.4px; text-align: center;\" title=\"obres de condicionament del barranc Fosc\" type=\"image\" href=\"https:\/\/alzira.es\/wp-content\/uploads\/2021\/09\/obres_barranc_2.jpg\" target=\"_blank\" rel=\"noopener\"><img fetchpriority=\"high\" decoding=\"async\" src=\"https:\/\/alzira.es\/wp-content\/uploads\/2021\/09\/obres_barranc_2.jpg\" alt=\"obres barranc 2\" width=\"333\" height=\"250\" \/><\/a>&nbsp;<a class=\"jcepopup\" style=\"font-size: 14.4px; text-align: center;\" title=\"obres de condicionament del barranc Fosc\" type=\"image\" href=\"https:\/\/alzira.es\/wp-content\/uploads\/2021\/09\/obres_barranc_3.jpg\" target=\"_blank\" rel=\"noopener\"><img decoding=\"async\" data-src=\"https:\/\/alzira.es\/wp-content\/uploads\/2021\/09\/obres_barranc_3.jpg\" alt=\"obres barranc 3\" width=\"333\" height=\"250\" src=\"data:image\/svg+xml;base64,PHN2ZyB3aWR0aD0iMSIgaGVpZ2h0PSIxIiB4bWxucz0iaHR0cDovL3d3dy53My5vcmcvMjAwMC9zdmciPjwvc3ZnPg==\" class=\"lazyload\" style=\"--smush-placeholder-width: 333px; --smush-placeholder-aspect-ratio: 333\/250;\" \/><\/a>&nbsp;<a class=\"jcepopup\" style=\"font-size: 14.4px; text-align: center;\" title=\"obres de condicionament del barranc Fosc\" type=\"image\" href=\"https:\/\/alzira.es\/wp-content\/uploads\/2021\/09\/obres_barranc_4.jpg\" target=\"_blank\" rel=\"noopener\"><img decoding=\"async\" data-src=\"https:\/\/alzira.es\/wp-content\/uploads\/2021\/09\/obres_barranc_4.jpg\" alt=\"obres barranc 4\" width=\"333\" height=\"250\" src=\"data:image\/svg+xml;base64,PHN2ZyB3aWR0aD0iMSIgaGVpZ2h0PSIxIiB4bWxucz0iaHR0cDovL3d3dy53My5vcmcvMjAwMC9zdmciPjwvc3ZnPg==\" class=\"lazyload\" style=\"--smush-placeholder-width: 333px; --smush-placeholder-aspect-ratio: 333\/250;\" \/><\/a><\/p>\n","protected":false},"excerpt":{"rendered":"<p>Las obras de acondicionamiento del barranc Fosc han sido ejecutadas con el fin de evitar la llegada del agua del barranco a la confluencia del alcantarillado de la calle Josefina Fern\u00e1ndez, puesto que este es uno de los puntos m\u00e1s conflictivos cada vez que se producen lluvias torrenciales en nuestra ciudad. Los trabajo han consistido &hellip; <\/p>\n<p class=\"link-more\"><a href=\"https:\/\/alzira.es\/es\/barranc-fosc\/\" class=\"more-link\">Continuar leyendo<span class=\"screen-reader-text\"> \u00abFinalizadas las obras de acondicionamiento del barranc Fosc\u00bb<\/span><\/a><\/p>\n","protected":false},"author":29,"featured_media":0,"comment_status":"closed","ping_status":"closed","sticky":false,"template":"","format":"standard","meta":{"_acf_changed":false,"footnotes":""},"categories":[4936],"tags":[],"class_list":["post-90254","post","type-post","status-publish","format-standard","hentry","category-hemeroteca-es"],"acf":[],"_links":{"self":[{"href":"https:\/\/alzira.es\/es\/wp-json\/wp\/v2\/posts\/90254","targetHints":{"allow":["GET"]}}],"collection":[{"href":"https:\/\/alzira.es\/es\/wp-json\/wp\/v2\/posts"}],"about":[{"href":"https:\/\/alzira.es\/es\/wp-json\/wp\/v2\/types\/post"}],"author":[{"embeddable":true,"href":"https:\/\/alzira.es\/es\/wp-json\/wp\/v2\/users\/29"}],"replies":[{"embeddable":true,"href":"https:\/\/alzira.es\/es\/wp-json\/wp\/v2\/comments?post=90254"}],"version-history":[{"count":0,"href":"https:\/\/alzira.es\/es\/wp-json\/wp\/v2\/posts\/90254\/revisions"}],"wp:attachment":[{"href":"https:\/\/alzira.es\/es\/wp-json\/wp\/v2\/media?parent=90254"}],"wp:term":[{"taxonomy":"category","embeddable":true,"href":"https:\/\/alzira.es\/es\/wp-json\/wp\/v2\/categories?post=90254"},{"taxonomy":"post_tag","embeddable":true,"href":"https:\/\/alzira.es\/es\/wp-json\/wp\/v2\/tags?post=90254"}],"curies":[{"name":"wp","href":"https:\/\/api.w.org\/{rel}","templated":true}]}}