{"id":90251,"date":"2021-05-21T08:09:25","date_gmt":"2021-05-21T06:09:25","guid":{"rendered":"https:\/\/alzira.es\/alzira-anuncia-les-condicions-per-al-periode-extraordinari-de-cremes-agricoles-en-juny\/"},"modified":"2021-05-21T08:09:25","modified_gmt":"2021-05-21T06:09:25","slug":"alzira-anuncia-les-condicions-per-al-periode-extraordinari-de-cremes-agricoles-en-juny","status":"publish","type":"post","link":"https:\/\/alzira.es\/es\/alzira-anuncia-les-condicions-per-al-periode-extraordinari-de-cremes-agricoles-en-juny\/","title":{"rendered":"Alzira anuncia las condiciones para el periodo extraordinario de cremas agr\u00edcolas en junio"},"content":{"rendered":"<h3><em>\u2022 Solo autorizadas para restos de poda de variedades tard\u00edas de c\u00edtricos, frutales de huesos u hort\u00edcolas<\/em><br \/><em>\u2022 Quemador obligatorio en la mayor\u00eda del suelo agr\u00edcola<\/em><\/h3>\n<p>La Concejal\u00eda de Medio Ambiente, Agricultura y Transici\u00f3n Ecol\u00f3gica informa que <strong>lunes 31 de mayo finaliza el periodo ordinario de cremas agr\u00edcolas<\/strong>. A partir del 1 de junio, de acuerdo con el que posibilita la legislaci\u00f3n auton\u00f3mica y el establecido en el plan local de cremas, el ayuntamiento habilita como<strong> periodo extraordinario de cremas el plazo comprendido entre el 1 y el 30 de de junio<\/strong> de 2021.<\/p>\n<p><em>\u00abLa realidad agraria de nuestro t\u00e9rmino municipal, con numerosas plantaciones de variedades tard\u00edas de c\u00edtricos, del mismo modo que pasa con los restos de frutales de huesos o las hort\u00edcolas. Por eso delimitamos este periodo extraordinario para facilitar la gesti\u00f3n de estos restos de poda agr\u00edcola durante el mes de Junio. Ampliamos extraordinariamente el periodo de cremas agr\u00edcolas por estos casos concretos, bajo unas limitaciones espec\u00edficas para garantizar la seguridad y el control de las cremas\u00bb<\/em>, ha explicado el regidor del \u00e1rea,<strong> Pep Carreres<\/strong>.<\/p>\n<p><span style=\"text-decoration: underline;\">Durante el mes de junio entrar\u00e1n en vigor las siguientes<strong> condiciones de seguridad<\/strong>, establecidas en el Plan Local de Cremas Agr\u00edcolas para obtener la autorizaci\u00f3n<\/span>:<\/p>\n<p style=\"margin-left: 30px;\"><strong>a.<\/strong> Solo se autorizar\u00e1n las cremas agr\u00edcolas para gestionar los restos de poda de las <strong>variedades tard\u00edas<\/strong> de c\u00edtricos (Valencia, Powell y otras minoritarias), la poda en verde <strong>de frutales de hueso y los restos vegetales<\/strong> de cultivos hort\u00edcolas.<br \/><strong>b.<\/strong> Durante el periodo extraordinario de crema no se autorizar\u00e1n las cremas agr\u00edcolas por <strong>restos vegetales provenientes de un cambio de cultivo le\u00f1oso<\/strong>.<br \/><strong>c.<\/strong> Los d\u00edas habilitados para realizar cremas agr\u00edcolas ser\u00e1n <strong>de lunes a viernes<\/strong>, excluy\u00e9ndose festivos.<br \/><strong>d.<\/strong> El horario para realizar las cremas ser\u00e1 desde la salida del sol hasta las 11:00 de la ma\u00f1ana, momento en el cual la crema tendr\u00e1 que estar completamente extinguida, y la suya no reactivaci\u00f3n garantizada por el responsable de la misma.<br \/><strong>e.<\/strong> Solo se podr\u00e1 quemar con nivel de<strong> preemergencia<\/strong> por riesgo de incendio forestal<strong> bajo<\/strong> medio (PREVIFOC 1).<br \/><strong>f.<\/strong> Dado el creciente riesgo por incendio forestal, <strong>no se podr\u00e1 quemar a menos de 30 metros de zona forestal<\/strong> (monta\u00f1a, r\u00edo o barranco con vegetaci\u00f3n contin\u00faa). En estas zonas se usar\u00e1n t\u00e9cnicas alternativas a la crema para eliminar los restos de poda, como quiz\u00e1s la trituraci\u00f3n.<br \/><strong>g.<\/strong> El <strong>quemador ser\u00e1 obligatorio en todo el t\u00e9rmino municipal<\/strong>, si la crema se realiza a una distancia de entre los 30 y los 100 metros al suelo forestal (monta\u00f1a, r\u00edo o barranco). Tambi\u00e9n se exigir\u00e1 el uso del quemador cuando la crema se realice entre los 100 y los 500 metros de suelo forestal, siempre que la parcela agr\u00edcola se encuentre en los pol\u00edgonos 16, 18, 19, 20, 22, 23, 52, 53, 54, 56, 57, 58, 61, 65 y 71.<\/p>\n<p><span style=\"text-decoration: underline;\">Las v\u00edas para <strong>solicitar las autorizaciones<\/strong> de crema con una antelaci\u00f3n m\u00ednima de 72 horas, incluidas las de la Barraca de Aig\u00fces Vives y la Garrofera, ser\u00e1n las siguientes<\/span>:<\/p>\n<p>\u2022 <strong>Presencialmente<\/strong> en el Registro de <strong>la Clau<\/strong>, pidiendo cita previa en <span style=\"text-decoration: underline;\"><strong><span style=\"color: #b22222;\"><a href=\"https:\/\/citaprevia.alzira.es\/#!\/es\/home\" target=\"_blank\" rel=\"noopener\"><span style=\"color: #b22222; text-decoration: underline;\">citaprevia.alzira.es<\/span><\/a><\/span><\/strong><\/span><br \/>\u2022 <strong>Telem\u00e1ticamente<\/strong> con firma digital a trav\u00e9s de la p\u00e1gina web <span style=\"text-decoration: underline; color: #b22222;\"><strong><a href=\"index.php\/es\/\" target=\"_blank\" rel=\"noopener\"><span style=\"color: #b22222; text-decoration: underline;\">www.alzira.es<\/span><\/a><\/strong><\/span><\/p>\n<p>Hay que recordar que desde el <strong>1 de julio hasta el 30 de septiembre ambos incluidos, no se autorizar\u00e1 la realizaci\u00f3n de cremas agr\u00edcolas ni en las zonas forestales y en una franja de 500 metros alrededor de ellas<\/strong>.<\/p>\n<p>Desde el Ayuntamiento de Alzira se solicita la colaboraci\u00f3n ciudadana para evitar situaciones de riesgo que puedan derivar en un incendio forestal.<\/p>\n<p style=\"text-align: center;\"><img fetchpriority=\"high\" decoding=\"async\" src=\"https:\/\/alzira.es\/wp-content\/uploads\/2021\/09\/cremador.jpeg\" alt=\"cremador\" width=\"994\" height=\"561\" \/><\/p>\n","protected":false},"excerpt":{"rendered":"<p>\u2022 Solo autorizadas para restos de poda de variedades tard\u00edas de c\u00edtricos, frutales de huesos u hort\u00edcolas\u2022 Quemador obligatorio en la mayor\u00eda del suelo agr\u00edcola La Concejal\u00eda de Medio Ambiente, Agricultura y Transici\u00f3n Ecol\u00f3gica informa que lunes 31 de mayo finaliza el periodo ordinario de cremas agr\u00edcolas. A partir del 1 de junio, de acuerdo &hellip; <\/p>\n<p class=\"link-more\"><a href=\"https:\/\/alzira.es\/es\/alzira-anuncia-les-condicions-per-al-periode-extraordinari-de-cremes-agricoles-en-juny\/\" class=\"more-link\">Continuar leyendo<span class=\"screen-reader-text\"> \u00abAlzira anuncia las condiciones para el periodo extraordinario de cremas agr\u00edcolas en junio\u00bb<\/span><\/a><\/p>\n","protected":false},"author":29,"featured_media":0,"comment_status":"closed","ping_status":"closed","sticky":false,"template":"","format":"standard","meta":{"_acf_changed":false,"footnotes":""},"categories":[4936],"tags":[],"class_list":["post-90251","post","type-post","status-publish","format-standard","hentry","category-hemeroteca-es"],"acf":[],"_links":{"self":[{"href":"https:\/\/alzira.es\/es\/wp-json\/wp\/v2\/posts\/90251","targetHints":{"allow":["GET"]}}],"collection":[{"href":"https:\/\/alzira.es\/es\/wp-json\/wp\/v2\/posts"}],"about":[{"href":"https:\/\/alzira.es\/es\/wp-json\/wp\/v2\/types\/post"}],"author":[{"embeddable":true,"href":"https:\/\/alzira.es\/es\/wp-json\/wp\/v2\/users\/29"}],"replies":[{"embeddable":true,"href":"https:\/\/alzira.es\/es\/wp-json\/wp\/v2\/comments?post=90251"}],"version-history":[{"count":0,"href":"https:\/\/alzira.es\/es\/wp-json\/wp\/v2\/posts\/90251\/revisions"}],"wp:attachment":[{"href":"https:\/\/alzira.es\/es\/wp-json\/wp\/v2\/media?parent=90251"}],"wp:term":[{"taxonomy":"category","embeddable":true,"href":"https:\/\/alzira.es\/es\/wp-json\/wp\/v2\/categories?post=90251"},{"taxonomy":"post_tag","embeddable":true,"href":"https:\/\/alzira.es\/es\/wp-json\/wp\/v2\/tags?post=90251"}],"curies":[{"name":"wp","href":"https:\/\/api.w.org\/{rel}","templated":true}]}}