{"id":90250,"date":"2021-05-20T11:27:23","date_gmt":"2021-05-20T09:27:23","guid":{"rendered":"https:\/\/alzira.es\/xifres-de-contagi-estables-a-alzira\/"},"modified":"2021-05-20T11:27:23","modified_gmt":"2021-05-20T09:27:23","slug":"xifres-de-contagi-estables-a-alzira","status":"publish","type":"post","link":"https:\/\/alzira.es\/es\/xifres-de-contagi-estables-a-alzira\/","title":{"rendered":"Cifras de contagio estables en Alzira"},"content":{"rendered":"<h3><em>\u2022 La pr\u00f3xima semana empiezan los puntos de vacunaci\u00f3n por zonas b\u00e1sicas<\/em><\/h3>\n<p>En la reuni\u00f3n semanal con los representantes de los diferentes municipios que integran el Departamento de Salud de la Ribera, para conocer la actualidad COVID, se ha comunicado que los \u00faltimos 7 d\u00edas, en Alzira tenemos <strong>21,89 casos cada 100.000 habitantes. En total hay 10 casos activos 1 m\u00e1s que la pasada semana, en los \u00faltimos 3 d\u00edas, un caso nuevo<\/strong>.<\/p>\n<p>A la reuni\u00f3n, ha asistido la regidora de Sanidad <strong>Gema Al\u00f3s<\/strong>, quien ha explicado que <em>\u00abla diferencia respeta en la semana pasada es m\u00ednima, continuamos en una situaci\u00f3n estable. A pesar de que las medidas despacio son menos estrictas, estamos consiguiendo mantener bajos los niveles de contagio\u00bb<\/em>.<\/p>\n<p>Desde el Ayuntamiento deseamos que las personas que sufren la enfermedad se recuperen pronto y puedan volver a la normalidad y agradecemos en toda la poblaci\u00f3n el esfuerzo por el cumplimiento de las medidas vigentes.<\/p>\n<p><strong>Vacunaci\u00f3n<\/strong><\/p>\n<p>En cuanto a la vacunaci\u00f3n, en los pr\u00f3ximos d\u00edas empezar\u00e1 la administraci\u00f3n de vacunas por zonas b\u00e1sicas de salud, en el caso de nuestra ciudad, tendremos el mismo punto de vacunaci\u00f3n, el Casal Fester, pero ya no recibiremos a todos los ciudadanos de la comarca. A partir de ahora \u00fanicamente recibiremos los vecinos y vecinas de Llaur\u00ed y Corbera y los alcire\u00f1os y alcire\u00f1as.<\/p>\n<p>A la reuni\u00f3n se ha recordado que todas las personas que no est\u00e1n vacunadas y por grupo de edad o para ser de riesgo tendr\u00edan que estarlo hace falta que se pongan en contacto con el centro de salud para que puedan tramitar su vacunaci\u00f3n.<\/p>\n<p>El <strong>calendario para conocer cuando est\u00e1 prevista la vacunaci\u00f3n<\/strong> en funci\u00f3n del grupo de edad se puedes <strong>consultar<\/strong> en la <span style=\"text-decoration: underline;\"><strong><span style=\"color: #b22222;\"><a href=\"https:\/\/www.sp.san.gva.es\/sscc\/opciones4.jsp?menuRaizPortal=SANMS&amp;CodPunto=3991&amp;Opcion=VACUNAS&amp;MenuSup=SANMS&amp;Nivel=2\" target=\"_blank\" rel=\"noopener\"><span style=\"color: #b22222; text-decoration: underline;\">p\u00e1gina web<\/span><\/a><\/span><\/strong><\/span> de la <strong>Conseller\u00eda de Sanidad<\/strong>.<br \/>Esta informaci\u00f3n se actualizar\u00e1 semanalmente.<\/p>\n<p>Desde el departamento de Salud de la Ribera, se cita a las personas mediante su tel\u00e9fono de contacto, indicando la fecha y hora de vacunaci\u00f3n. Recordamos que es muy importante que esos datos est\u00e9n actualizados en el sistema SIP.<\/p>\n<p><strong>Todas las dudas sobre la vacunaci\u00f3n, justificantes, actualizaci\u00f3n de datos de contacto, noticias y mucho m\u00e1s en<\/strong>:<br \/><span style=\"text-decoration: underline; color: #b22222;\"><strong><a href=\"http:\/\/coronavirus.san.gva.es\/es\/web\/vacunacion\/inicio\" target=\"_blank\" rel=\"noopener\"><span style=\"color: #b22222; text-decoration: underline;\">http:\/\/coronavirus.san.gva.es\/es\/web\/vacunacion\/inicio<\/span><\/a><\/strong><\/span>.<\/p>\n<p style=\"text-align: center;\"><img fetchpriority=\"high\" decoding=\"async\" src=\"https:\/\/alzira.es\/wp-content\/uploads\/2021\/09\/Covid_RRSS.jpg\" alt=\"Covid RRSS\" width=\"856\" height=\"856\" \/><\/p>\n","protected":false},"excerpt":{"rendered":"<p>\u2022 La pr\u00f3xima semana empiezan los puntos de vacunaci\u00f3n por zonas b\u00e1sicas En la reuni\u00f3n semanal con los representantes de los diferentes municipios que integran el Departamento de Salud de la Ribera, para conocer la actualidad COVID, se ha comunicado que los \u00faltimos 7 d\u00edas, en Alzira tenemos 21,89 casos cada 100.000 habitantes. En total &hellip; <\/p>\n<p class=\"link-more\"><a href=\"https:\/\/alzira.es\/es\/xifres-de-contagi-estables-a-alzira\/\" class=\"more-link\">Continuar leyendo<span class=\"screen-reader-text\"> \u00abCifras de contagio estables en Alzira\u00bb<\/span><\/a><\/p>\n","protected":false},"author":29,"featured_media":0,"comment_status":"closed","ping_status":"closed","sticky":false,"template":"","format":"standard","meta":{"_acf_changed":false,"footnotes":""},"categories":[4936],"tags":[],"class_list":["post-90250","post","type-post","status-publish","format-standard","hentry","category-hemeroteca-es"],"acf":[],"_links":{"self":[{"href":"https:\/\/alzira.es\/es\/wp-json\/wp\/v2\/posts\/90250","targetHints":{"allow":["GET"]}}],"collection":[{"href":"https:\/\/alzira.es\/es\/wp-json\/wp\/v2\/posts"}],"about":[{"href":"https:\/\/alzira.es\/es\/wp-json\/wp\/v2\/types\/post"}],"author":[{"embeddable":true,"href":"https:\/\/alzira.es\/es\/wp-json\/wp\/v2\/users\/29"}],"replies":[{"embeddable":true,"href":"https:\/\/alzira.es\/es\/wp-json\/wp\/v2\/comments?post=90250"}],"version-history":[{"count":0,"href":"https:\/\/alzira.es\/es\/wp-json\/wp\/v2\/posts\/90250\/revisions"}],"wp:attachment":[{"href":"https:\/\/alzira.es\/es\/wp-json\/wp\/v2\/media?parent=90250"}],"wp:term":[{"taxonomy":"category","embeddable":true,"href":"https:\/\/alzira.es\/es\/wp-json\/wp\/v2\/categories?post=90250"},{"taxonomy":"post_tag","embeddable":true,"href":"https:\/\/alzira.es\/es\/wp-json\/wp\/v2\/tags?post=90250"}],"curies":[{"name":"wp","href":"https:\/\/api.w.org\/{rel}","templated":true}]}}