{"id":90249,"date":"2021-05-20T10:56:35","date_gmt":"2021-05-20T08:56:35","guid":{"rendered":"https:\/\/alzira.es\/alzira-mostra-al-mon-el-seu-patrimoni-cultural-i-natural-a-traves-del-projecte-o-city\/"},"modified":"2021-05-20T10:56:35","modified_gmt":"2021-05-20T08:56:35","slug":"alzira-mostra-al-mon-el-seu-patrimoni-cultural-i-natural-a-traves-del-projecte-o-city","status":"publish","type":"post","link":"https:\/\/alzira.es\/es\/alzira-mostra-al-mon-el-seu-patrimoni-cultural-i-natural-a-traves-del-projecte-o-city\/","title":{"rendered":"Alzira muestra en el mundo su patrimonio cultural y natural a trav\u00e9s del proyecto O-city"},"content":{"rendered":"<p><strong>Alzira<\/strong>,<strong> ciudad llena de historia<\/strong> <strong>y con destacados acontecimientos<\/strong> que han tenido lugar en el paso de los siglos, <strong>muestra a trav\u00e9s del \u00ab<em>proyecto O-city.org\u00bb<\/em> sus recursos<\/strong>.<\/p>\n<p>Desde que se adhiri\u00f3 a este proyecto en julio de 2020 el Departamento de Turismo del Ayuntamiento de Alzira ha mostrado un total de diecis\u00e9is propuestas, a las que ir\u00e1n sum\u00e1ndose de nuevas a lo largo de los pr\u00f3ximos meses.<\/p>\n<p>Hoy se ha presentado en FITUR el proyecto O-city y Alzira ha sido la ciudad escogida como ejemplo para el resto de ciudades interesadas en adherirse a este recurso, <em>\u00ablo cual quiere decir que desde el Departamento de Turismo se est\u00e1 trabajando en la direcci\u00f3n adecuada para posicionar tur\u00edsticamente en nuestra ciudad en el lugar que le corresponde\u00bb<\/em>, seg\u00fan <strong>Isabel Aguilar<\/strong>, regidora encargada del \u00e1rea.<\/p>\n<p><span style=\"text-decoration: underline;\">A estas alturas estas son las <strong>propuestas de la ciudad de Alzira<\/strong> que se encuentran disponibles en O-city.org, tanto en castellano como en ingl\u00e9s<\/span>:<\/p>\n<p>Casa Consistorial, casa de Al\u00f3s, Museo Fallero, lavadero del Alquerieta, Puente de Hierro, las murallas \u00e1rabes, locomotora Mikado, monumento a los falleros, santuario Virgen del Lluch, monumento al cofrade y la tamborada, iglesia de Santa Caterina, la Murta y la Casella (parajes naturales), los casilicios de los Sants Patronos, el monumento fuente al labrador y el palacio de Casass\u00fas.<\/p>\n<p><em>\u00abTurismo ha ido implementando de contenido el espacio de la ciudad de Alzira para mostrar edificios y lugares emblem\u00e1ticos y ofrecer una propuesta atractiva a quien desee acercarse a nuestra ciudad para descubrir todo lo que puede ofrecer una ciudad que cuenta con vestigios moriscos, es testigo del paso de Jaime I, se enorgullece de sus parajes naturales de la Casella y la Murta, con los restos del antiguo cenobio Jer\u00f3nimo de Santa Maria de la Murta, y presume de ser una ciudad que alberga interesantes propuestas arquitect\u00f3nicas en el entramado de la Vila, la parte primigenia de la ciudad\u00bb<\/em>, seg\u00fan la regidora de Turismo, <strong>Isabel Aguilar<\/strong>.<\/p>\n<p><strong>O.city.org<\/strong><\/p>\n<p><span style=\"text-decoration: underline;\"><strong><span style=\"color: #3366ff;\"><a href=\"https:\/\/ocityplatform.webs.upv.es\/dashboard\/map\" target=\"_blank\" rel=\"noopener\"><span style=\"color: #3366ff; text-decoration: underline;\">O-city.org<\/span><\/a><\/span><\/strong><\/span> <em>es un<strong> proyecto<\/strong> que cuenta con la financiaci\u00f3n de la Comisi\u00f3n Europea, dentro del programa Erasmus Plus (Alianzas del Conocimiento),<strong> encargado de desarrollar una aplicaci\u00f3n en l\u00ednea para acercar el patrimonio natural y cultural de los pueblos y ciudades del mundo<\/strong><\/em>.<br \/>La plataforma permite a las localidades un amplio abanico de posibilidades, puesto que adem\u00e1s tambi\u00e9n puede mostrarse la cultura y tradiciones por medio de videos, fotograf\u00edas, animaciones y otros elementos multimedia elaborados como proyectos educativos.<\/p>\n<p>&nbsp;<\/p>\n<p style=\"text-align: center;\"><img fetchpriority=\"high\" decoding=\"async\" src=\"https:\/\/alzira.es\/wp-content\/uploads\/2021\/09\/IMG-20210520-WA0015.jpg\" alt=\"IMG-20210520-WA0015\" width=\"500\" height=\"375\" \/>&nbsp;&nbsp;<img decoding=\"async\" data-src=\"https:\/\/alzira.es\/wp-content\/uploads\/2021\/09\/20210520_114324.jpg\" alt=\"20210520 114324\" width=\"710\" height=\"375\" src=\"data:image\/svg+xml;base64,PHN2ZyB3aWR0aD0iMSIgaGVpZ2h0PSIxIiB4bWxucz0iaHR0cDovL3d3dy53My5vcmcvMjAwMC9zdmciPjwvc3ZnPg==\" class=\"lazyload\" style=\"--smush-placeholder-width: 710px; --smush-placeholder-aspect-ratio: 710\/375;\" \/><\/p>\n","protected":false},"excerpt":{"rendered":"<p>Alzira, ciudad llena de historia y con destacados acontecimientos que han tenido lugar en el paso de los siglos, muestra a trav\u00e9s del \u00abproyecto O-city.org\u00bb sus recursos. Desde que se adhiri\u00f3 a este proyecto en julio de 2020 el Departamento de Turismo del Ayuntamiento de Alzira ha mostrado un total de diecis\u00e9is propuestas, a las &hellip; <\/p>\n<p class=\"link-more\"><a href=\"https:\/\/alzira.es\/es\/alzira-mostra-al-mon-el-seu-patrimoni-cultural-i-natural-a-traves-del-projecte-o-city\/\" class=\"more-link\">Continuar leyendo<span class=\"screen-reader-text\"> \u00abAlzira muestra en el mundo su patrimonio cultural y natural a trav\u00e9s del proyecto O-city\u00bb<\/span><\/a><\/p>\n","protected":false},"author":29,"featured_media":0,"comment_status":"closed","ping_status":"closed","sticky":false,"template":"","format":"standard","meta":{"_acf_changed":false,"footnotes":""},"categories":[4936],"tags":[],"class_list":["post-90249","post","type-post","status-publish","format-standard","hentry","category-hemeroteca-es"],"acf":[],"_links":{"self":[{"href":"https:\/\/alzira.es\/es\/wp-json\/wp\/v2\/posts\/90249","targetHints":{"allow":["GET"]}}],"collection":[{"href":"https:\/\/alzira.es\/es\/wp-json\/wp\/v2\/posts"}],"about":[{"href":"https:\/\/alzira.es\/es\/wp-json\/wp\/v2\/types\/post"}],"author":[{"embeddable":true,"href":"https:\/\/alzira.es\/es\/wp-json\/wp\/v2\/users\/29"}],"replies":[{"embeddable":true,"href":"https:\/\/alzira.es\/es\/wp-json\/wp\/v2\/comments?post=90249"}],"version-history":[{"count":0,"href":"https:\/\/alzira.es\/es\/wp-json\/wp\/v2\/posts\/90249\/revisions"}],"wp:attachment":[{"href":"https:\/\/alzira.es\/es\/wp-json\/wp\/v2\/media?parent=90249"}],"wp:term":[{"taxonomy":"category","embeddable":true,"href":"https:\/\/alzira.es\/es\/wp-json\/wp\/v2\/categories?post=90249"},{"taxonomy":"post_tag","embeddable":true,"href":"https:\/\/alzira.es\/es\/wp-json\/wp\/v2\/tags?post=90249"}],"curies":[{"name":"wp","href":"https:\/\/api.w.org\/{rel}","templated":true}]}}