{"id":90247,"date":"2021-05-19T12:39:04","date_gmt":"2021-05-19T10:39:04","guid":{"rendered":"https:\/\/alzira.es\/completada-la-valoracio-de-la-tercera-fase-del-pla-resistir\/"},"modified":"2021-05-19T12:39:04","modified_gmt":"2021-05-19T10:39:04","slug":"completada-la-valoracio-de-la-tercera-fase-del-pla-resistir","status":"publish","type":"post","link":"https:\/\/alzira.es\/es\/completada-la-valoracio-de-la-tercera-fase-del-pla-resistir\/","title":{"rendered":"Completada la valoraci\u00f3n de la tercera fase del Plan Resistir"},"content":{"rendered":"<p>M\u00e1s de <strong>180.000 euros<\/strong> para los <strong>sectores<\/strong> de <strong>calzado<\/strong>,<strong> textil<\/strong>,<strong> imprentas y transporte entre otros<\/strong><\/p>\n<p>El Ayuntamiento trabaja ya en la <strong>cuarta fase<\/strong> dirigida al <strong>sector de la est\u00e9tica<\/strong><\/p>\n<p>Esta ma\u00f1ana se ha reunido la comisi\u00f3n de valoraci\u00f3n de las ayudas para resolver las <strong>solicitudes presentadas en<\/strong> esta <strong>tercera convocatoria<\/strong> de ayudas del <strong>Plan Resistir<\/strong> dirigidas a los sectores de textil, calzado, artes gr\u00e1ficas y otras actividades de impresi\u00f3n, papeler\u00edas, librer\u00edas, servicios de transporte y edici\u00f3n de peri\u00f3dicos, que se pod\u00edan solicitar hasta el pasado viernes 14 de marzo.<\/p>\n<p>Finalizado el plazo, se ha llegado a las<strong> 88 solicitudes<\/strong> de las cuales, <strong>80 ya est\u00e1n aprobadas<\/strong> de manera favorable para su pago, <strong>3 est\u00e1n requeridas<\/strong> para enmendar o completar la documentaci\u00f3n presentada y otros<strong> 5<\/strong> que <strong>no cumplen los requisitos de la convocatoria<\/strong>.<\/p>\n<p>Seg\u00fan ha explicado el regidor de Hacienda, Albert Furi\u00f3 \u00abseguimos trabajando para dar respuesta en los sectores m\u00e1s afectados de nuestra ciudad. Nuestro compromiso es la celeridad en el pago a nuestros aut\u00f3nomos y microempresas\u00bb.<\/p>\n<p>Se calcula que, <strong>con estas concesiones se destinan<\/strong> un total de<strong> 186.200 euros<\/strong> a los sectores enmendados y por tanto el <strong>remanente disponible<\/strong> es de <strong>167.114 euros<\/strong>. La comisi\u00f3n de valoraci\u00f3n de las ayudas se reunir\u00e1 de nuevo para resolver los enmiendas y determinar las bases de la cuarta convocatoria.<\/p>\n<p><em>\u00abC\u00f3mo se ha hecho en el resto de convocatorias, ya estamos trabajando en una cuarta fase a partir del remanente dirigida a sectores que, inicialmente, no estaban reconocidos para recibir las ayudas como es el caso del sector de la est\u00e9tica y el maquillaje. C\u00f3mo hemos explicado desde el principio la intenci\u00f3n del Ayuntamiento, mientras quedo permaneciendo, es ampliar el n\u00famero de sectores que pueden verse beneficiados por las ayudas\u00bb<\/em>, ha explicado el alcalde de la ciudad, <strong>Diego G\u00f3mez<\/strong>.<\/p>\n<p><span style=\"text-decoration: underline;\"><strong>PLA RESISTIR<\/strong><\/span><\/p>\n<p>Las ayudas de Plan Resistir Ayuntamientos, son compatibles con otras subvenciones, ayudas, ingresos o recursos procedentes de cualesquier administraci\u00f3n o entes p\u00fablicos o privados nacional, de la Uni\u00f3n Europea o de organismos internacionales, y concedidos para la misma finalidad, dirigidas a cubrir gastos corrientes desde abril de 2020, tienen una <strong>cantidad fija de 2.000\u20ac por cada persona trabajadora aut\u00f3noma o microempresa con un m\u00e1ximo de 10 personas trabajadoras y de una cantidad fija de 200\u20ac por persona trabajadora afiliada a la Seguridad Social a fecha 31 de diciembre de 2020 de estas microempresas y personas trabajadoras aut\u00f3nomas<\/strong>.<\/p>\n<p>El <strong>Plan Resistir<\/strong> que en Alzira cuenta con 1.149.000 euros de los cuales la aportaci\u00f3n del Ayuntamiento es de 172.000 euros.<\/p>\n<p><img decoding=\"async\" style=\"--smush-placeholder-width: 596px; --smush-placeholder-aspect-ratio: 596\/810;margin-right: auto; margin-left: auto; display: block;\" data-src=\"https:\/\/alzira.es\/wp-content\/uploads\/2021\/09\/resistir_1_2_3_resolt-07_ok-07.jpg\" alt=\"resistir 1 2 3 resolt-07 ok-07\" src=\"data:image\/svg+xml;base64,PHN2ZyB3aWR0aD0iMSIgaGVpZ2h0PSIxIiB4bWxucz0iaHR0cDovL3d3dy53My5vcmcvMjAwMC9zdmciPjwvc3ZnPg==\" class=\"lazyload\" \/><\/p>\n<p style=\"text-align: center;\">&nbsp;<\/p>\n<p>&nbsp;<\/p>\n","protected":false},"excerpt":{"rendered":"<p>M\u00e1s de 180.000 euros para los sectores de calzado, textil, imprentas y transporte entre otros El Ayuntamiento trabaja ya en la cuarta fase dirigida al sector de la est\u00e9tica Esta ma\u00f1ana se ha reunido la comisi\u00f3n de valoraci\u00f3n de las ayudas para resolver las solicitudes presentadas en esta tercera convocatoria de ayudas del Plan Resistir &hellip; <\/p>\n<p class=\"link-more\"><a href=\"https:\/\/alzira.es\/es\/completada-la-valoracio-de-la-tercera-fase-del-pla-resistir\/\" class=\"more-link\">Continuar leyendo<span class=\"screen-reader-text\"> \u00abCompletada la valoraci\u00f3n de la tercera fase del Plan Resistir\u00bb<\/span><\/a><\/p>\n","protected":false},"author":36,"featured_media":0,"comment_status":"closed","ping_status":"closed","sticky":false,"template":"","format":"standard","meta":{"_acf_changed":false,"footnotes":""},"categories":[4936],"tags":[],"class_list":["post-90247","post","type-post","status-publish","format-standard","hentry","category-hemeroteca-es"],"acf":[],"_links":{"self":[{"href":"https:\/\/alzira.es\/es\/wp-json\/wp\/v2\/posts\/90247","targetHints":{"allow":["GET"]}}],"collection":[{"href":"https:\/\/alzira.es\/es\/wp-json\/wp\/v2\/posts"}],"about":[{"href":"https:\/\/alzira.es\/es\/wp-json\/wp\/v2\/types\/post"}],"author":[{"embeddable":true,"href":"https:\/\/alzira.es\/es\/wp-json\/wp\/v2\/users\/36"}],"replies":[{"embeddable":true,"href":"https:\/\/alzira.es\/es\/wp-json\/wp\/v2\/comments?post=90247"}],"version-history":[{"count":0,"href":"https:\/\/alzira.es\/es\/wp-json\/wp\/v2\/posts\/90247\/revisions"}],"wp:attachment":[{"href":"https:\/\/alzira.es\/es\/wp-json\/wp\/v2\/media?parent=90247"}],"wp:term":[{"taxonomy":"category","embeddable":true,"href":"https:\/\/alzira.es\/es\/wp-json\/wp\/v2\/categories?post=90247"},{"taxonomy":"post_tag","embeddable":true,"href":"https:\/\/alzira.es\/es\/wp-json\/wp\/v2\/tags?post=90247"}],"curies":[{"name":"wp","href":"https:\/\/api.w.org\/{rel}","templated":true}]}}