{"id":90245,"date":"2021-05-19T10:10:35","date_gmt":"2021-05-19T08:10:35","guid":{"rendered":"https:\/\/alzira.es\/el-teatre-arriba-a-les-escoles-alzirenyes\/"},"modified":"2021-05-19T10:10:35","modified_gmt":"2021-05-19T08:10:35","slug":"el-teatre-arriba-a-les-escoles-alzirenyes","status":"publish","type":"post","link":"https:\/\/alzira.es\/es\/el-teatre-arriba-a-les-escoles-alzirenyes\/","title":{"rendered":"El teatro llega a las escuelas alcire\u00f1as"},"content":{"rendered":"<h3><em>\u2022 La concejal\u00eda de Educaci\u00f3n e Infancia ofrece esta <strong>actividad al alumnado de primero de primaria<\/strong><\/em><\/h3>\n<p>La Concejal\u00eda de Educaci\u00f3n e Infancia empieza la actividad <strong>Teatro Terap\u00e9utico<\/strong> en los centros educativos de Alzira de infantil y primaria.<\/p>\n<p>Desde el pasado <strong>lunes 17 y hasta el 18 de junio<\/strong>, se llevar\u00e1 a cabo esta actividad dirigida para el alumnado de primero de primaria de los <strong>14 centros educativos<\/strong> de Alzira, tanto publicos como concertados.<\/p>\n<p>El formato consiste en sesiones de <strong>1 hora<\/strong> en el patio del centro de 9.30-10.30 h. en las <strong>24 aulas<\/strong> de <strong>1.\u00ba de Primaria de la ciudad<\/strong>. La profesional que imparte el taller se desplazar\u00e1 a los centros para que los ni\u00f1os y ni\u00f1as no tengan que trasladarse. De esta manera es m\u00e1s f\u00e1cil llevar el cumplimiento de las medidas sanitarias.<\/p>\n<p>La regidora del \u00e1rea, <strong>Maria Calvo<\/strong>, ha planteado la actividad como un laboratorio de emociones, en el cual se utiliza el <strong>juego dram\u00e1tico<\/strong> como herramienta esencial <strong>para trabajar las emociones y ayudar a los ni\u00f1os y ni\u00f1as a gestionarlas de manera positiva<\/strong>.<\/p>\n<p style=\"margin-left: 30px;\"><span style=\"text-decoration: underline;\">Con el teatro terap\u00e9utico el alumnado<\/span>:<br \/>&#8211; Mejora la calidad de vida<br \/>&#8211; Disfruta del juego dram\u00e1tico como herramienta terap\u00e9utica.<br \/>&#8211; Desarrolla y fortalece las habilidades comunicativas y de socializaci\u00f3n.<br \/>&#8211; Trabaja las emociones.<br \/>&#8211; Promueve la salud y bienestar a trav\u00e9s de juegos teatrales, improvisaciones, expresi\u00f3n corporal&#8230;<\/p>\n<p>La <strong>metodolog\u00eda<\/strong> ser\u00e1 <strong>activa<\/strong>,<strong> din\u00e1mica y participativa<\/strong> mediante la expresi\u00f3n corporal y oral. Un rato de distracci\u00f3n y diversi\u00f3n que favorecer\u00e1 la cooperaci\u00f3n y convivencia de todas y todos los participantes.<\/p>\n<p style=\"margin-left: 30px;\"><span style=\"text-decoration: underline;\">La actividad es acuerdo con<\/span>:<br \/>&#8211; T\u00edtulo de Alzira como Ciudad Amiga de la Infancia<br \/>&#8211; Cumplimiento de la Convenci\u00f3n Internacional de los Derechos de los Ni\u00f1os y Ni\u00f1as de las Naciones Unidas,<br \/>&#8211; Comprom\u00eds de Alzira como Ciudad Educadora,<br \/>&#8211; Cumple con el III Plan de Infancia de Alzira,<br \/>&#8211; Colaborar con los centros educativos del municipio, tanto p\u00fablicos como concertados que imparten el nivel educativo de 1.\u00ba de Primaria.<\/p>\n<p style=\"margin-left: 30px; text-align: center;\"><img fetchpriority=\"high\" decoding=\"async\" src=\"https:\/\/alzira.es\/wp-content\/uploads\/2021\/09\/CARTELL_TALLER_TEATRE_TERAP\u00c8UTIC_00000002.jpg\" alt=\"CARTELL TALLER TEATRE TERAP\u00c8UTIC 00000002\" width=\"870\" height=\"616\" \/><\/p>\n","protected":false},"excerpt":{"rendered":"<p>\u2022 La concejal\u00eda de Educaci\u00f3n e Infancia ofrece esta actividad al alumnado de primero de primaria La Concejal\u00eda de Educaci\u00f3n e Infancia empieza la actividad Teatro Terap\u00e9utico en los centros educativos de Alzira de infantil y primaria. Desde el pasado lunes 17 y hasta el 18 de junio, se llevar\u00e1 a cabo esta actividad dirigida &hellip; <\/p>\n<p class=\"link-more\"><a href=\"https:\/\/alzira.es\/es\/el-teatre-arriba-a-les-escoles-alzirenyes\/\" class=\"more-link\">Continuar leyendo<span class=\"screen-reader-text\"> \u00abEl teatro llega a las escuelas alcire\u00f1as\u00bb<\/span><\/a><\/p>\n","protected":false},"author":29,"featured_media":0,"comment_status":"closed","ping_status":"closed","sticky":false,"template":"","format":"standard","meta":{"_acf_changed":false,"footnotes":""},"categories":[4936],"tags":[],"class_list":["post-90245","post","type-post","status-publish","format-standard","hentry","category-hemeroteca-es"],"acf":[],"_links":{"self":[{"href":"https:\/\/alzira.es\/es\/wp-json\/wp\/v2\/posts\/90245","targetHints":{"allow":["GET"]}}],"collection":[{"href":"https:\/\/alzira.es\/es\/wp-json\/wp\/v2\/posts"}],"about":[{"href":"https:\/\/alzira.es\/es\/wp-json\/wp\/v2\/types\/post"}],"author":[{"embeddable":true,"href":"https:\/\/alzira.es\/es\/wp-json\/wp\/v2\/users\/29"}],"replies":[{"embeddable":true,"href":"https:\/\/alzira.es\/es\/wp-json\/wp\/v2\/comments?post=90245"}],"version-history":[{"count":0,"href":"https:\/\/alzira.es\/es\/wp-json\/wp\/v2\/posts\/90245\/revisions"}],"wp:attachment":[{"href":"https:\/\/alzira.es\/es\/wp-json\/wp\/v2\/media?parent=90245"}],"wp:term":[{"taxonomy":"category","embeddable":true,"href":"https:\/\/alzira.es\/es\/wp-json\/wp\/v2\/categories?post=90245"},{"taxonomy":"post_tag","embeddable":true,"href":"https:\/\/alzira.es\/es\/wp-json\/wp\/v2\/tags?post=90245"}],"curies":[{"name":"wp","href":"https:\/\/api.w.org\/{rel}","templated":true}]}}