{"id":90244,"date":"2021-05-19T06:34:03","date_gmt":"2021-05-19T04:34:03","guid":{"rendered":"https:\/\/alzira.es\/comenca-als-centres-educatius-d-infantil-i-primaria-el-taller-d-escultura-modular\/"},"modified":"2021-05-19T06:34:03","modified_gmt":"2021-05-19T04:34:03","slug":"comenca-als-centres-educatius-d-infantil-i-primaria-el-taller-d-escultura-modular","status":"publish","type":"post","link":"https:\/\/alzira.es\/es\/comenca-als-centres-educatius-d-infantil-i-primaria-el-taller-d-escultura-modular\/","title":{"rendered":"Empieza en los centros educativos de Infantil y Primaria el taller de ESCULTURA MODULAR"},"content":{"rendered":"<p style=\"text-align: left;\">Hoy empieza en los <strong>centros educativos de Infantil y Primaria<\/strong> el <strong>taller de ESCULTURA MODULAR<\/strong> para el alumnado de 5 a\u00f1os. Se trata de un taller que <strong>hace uso como recurso educativo del juego al patio<\/strong>.<\/p>\n<p>Cada sesi\u00f3n tendr\u00e1 una duraci\u00f3n de <strong>1 hora<\/strong> que se llevar\u00e1 a cabo en cada una de las <strong>24 aulas<\/strong> de cada <strong>nivel educativo de 5 a\u00f1os<\/strong>.<\/p>\n<p>La profesional que impartir\u00e1 los talleres se trasladar\u00e1 a cada centro para evitar que ni\u00f1os y ni\u00f1as de muy corta edad tengan que desplazarse fuera de su centro escolar. Estas<strong> sesiones<\/strong> se har\u00e1n <strong>presenciales<\/strong> en los patios de los centros <strong>desde el 17 de mayo<\/strong> hasta el 18 de junio en horario de 9.30-10.30 h.<\/p>\n<p style=\"margin-left: 30px;\"><span style=\"text-decoration: underline;\">Los objetivos de este taller son<\/span>:<br \/>&#8211; Desarrollar la capacidad creativa de ni\u00f1os y ni\u00f1os, porque la creatividad es necesaria para la vida cotidiana y no solo en las Artes.<br \/>&#8211; Ayudar a expresarse a trav\u00e9s del arte a los ni\u00f1os y ni\u00f1as<br \/>&#8211; Trabajar la empat\u00eda con los dem\u00e1s y la importancia del trabajo en equipo.<\/p>\n<p>Por la situaci\u00f3n sanitaria que vivimos a consecuencia de la pandemia por la Covid-19, cada una de las sesiones se llevar\u00e1 a cabo cumpliendo los protocolos sanitarios en cada momento y los posibles cambios que determinan las autoridades.<\/p>\n<p style=\"text-align: center;\"><img fetchpriority=\"high\" decoding=\"async\" src=\"https:\/\/alzira.es\/wp-content\/uploads\/2021\/09\/CARTELL_TALLER_ART\u00cdSTIC_ESCULTURA_MODULAR_00000002.jpg\" alt=\"CARTELL TALLER ART\u00cdSTIC ESCULTURA MODULAR 00000002\" width=\"867\" height=\"614\" \/><\/p>\n","protected":false},"excerpt":{"rendered":"<p>Hoy empieza en los centros educativos de Infantil y Primaria el taller de ESCULTURA MODULAR para el alumnado de 5 a\u00f1os. Se trata de un taller que hace uso como recurso educativo del juego al patio. Cada sesi\u00f3n tendr\u00e1 una duraci\u00f3n de 1 hora que se llevar\u00e1 a cabo en cada una de las 24 &hellip; <\/p>\n<p class=\"link-more\"><a href=\"https:\/\/alzira.es\/es\/comenca-als-centres-educatius-d-infantil-i-primaria-el-taller-d-escultura-modular\/\" class=\"more-link\">Continuar leyendo<span class=\"screen-reader-text\"> \u00abEmpieza en los centros educativos de Infantil y Primaria el taller de ESCULTURA MODULAR\u00bb<\/span><\/a><\/p>\n","protected":false},"author":29,"featured_media":0,"comment_status":"closed","ping_status":"closed","sticky":false,"template":"","format":"standard","meta":{"_acf_changed":false,"footnotes":""},"categories":[4936],"tags":[],"class_list":["post-90244","post","type-post","status-publish","format-standard","hentry","category-hemeroteca-es"],"acf":[],"_links":{"self":[{"href":"https:\/\/alzira.es\/es\/wp-json\/wp\/v2\/posts\/90244","targetHints":{"allow":["GET"]}}],"collection":[{"href":"https:\/\/alzira.es\/es\/wp-json\/wp\/v2\/posts"}],"about":[{"href":"https:\/\/alzira.es\/es\/wp-json\/wp\/v2\/types\/post"}],"author":[{"embeddable":true,"href":"https:\/\/alzira.es\/es\/wp-json\/wp\/v2\/users\/29"}],"replies":[{"embeddable":true,"href":"https:\/\/alzira.es\/es\/wp-json\/wp\/v2\/comments?post=90244"}],"version-history":[{"count":0,"href":"https:\/\/alzira.es\/es\/wp-json\/wp\/v2\/posts\/90244\/revisions"}],"wp:attachment":[{"href":"https:\/\/alzira.es\/es\/wp-json\/wp\/v2\/media?parent=90244"}],"wp:term":[{"taxonomy":"category","embeddable":true,"href":"https:\/\/alzira.es\/es\/wp-json\/wp\/v2\/categories?post=90244"},{"taxonomy":"post_tag","embeddable":true,"href":"https:\/\/alzira.es\/es\/wp-json\/wp\/v2\/tags?post=90244"}],"curies":[{"name":"wp","href":"https:\/\/api.w.org\/{rel}","templated":true}]}}