{"id":90243,"date":"2021-05-18T13:05:37","date_gmt":"2021-05-18T11:05:37","guid":{"rendered":"https:\/\/alzira.es\/la-policia-local-d-alzira-immobilitza-7-ciclomotors-mes-per-irregularitats-greus\/"},"modified":"2021-05-18T13:05:37","modified_gmt":"2021-05-18T11:05:37","slug":"la-policia-local-d-alzira-immobilitza-7-ciclomotors-mes-per-irregularitats-greus","status":"publish","type":"post","link":"https:\/\/alzira.es\/es\/la-policia-local-d-alzira-immobilitza-7-ciclomotors-mes-per-irregularitats-greus\/","title":{"rendered":"La Polic\u00eda Local de Alzira inmoviliza 7 ciclomotores m\u00e1s por irregularidades graves"},"content":{"rendered":"<p>Durante el <strong>pasado fin de semana<\/strong> y dentro de la <strong>campa\u00f1a<\/strong> para el <strong>control de ciclomotores<\/strong> que habitualmente se inicia con el buen tiempo, los agentes de la Polic\u00eda Local de Alzira <strong>inmovilizaron un total de 7 ciclomotores<\/strong> para tener presuntamente alteradas sus condiciones t\u00e9cnicas. Adem\u00e1s, uno de los conductores dio positivo en la prueba de drogas.<\/p>\n<p>En esta actuaci\u00f3n, los ciclomotores son inspeccionados in situ por los agentes y en caso de presentar evidentes muestras de alteraciones, modificaciones, reformas no autorizadas, emisiones contaminantes u otras faltas graves, son inmovilizados en las instalaciones municipales.<\/p>\n<p><em>\u00abDesde la concejal\u00eda de seguridad llevamos a cabo estas campa\u00f1as que garantizan la seguridad de los veh\u00edculos que circulan por nuestras v\u00edas, tanto para los propietarios como para el resto de conductores y peatones\u00bb<\/em> ha explicado la regidora.<\/p>\n<p>Posteriormente se realizan las inspecciones t\u00e9cnicas completas que determinan la relaci\u00f3n de defectos que presenta el veh\u00edculo y que obligan al usuario a su r\u00e1pida reparaci\u00f3n y a realizar una nueva inspecci\u00f3n.<\/p>\n<p>En tal caso son sancionados en relaci\u00f3n a las infracciones detectadas y en virtud del reglamento general de veh\u00edculos (500\u20ac). De superar el l\u00edmite m\u00e1ximo de ruido admisible tambi\u00e9n son sancionados por el reglamento general de circulaci\u00f3n (200\u20ac).<\/p>\n<p><strong>En las inspecciones de los 7 ciclomotores inmovilizados se detectaron un total de 45 faltas graves y 2 faltas muy graves<\/strong>.<\/p>\n<p style=\"text-align: center;\"><img fetchpriority=\"high\" decoding=\"async\" src=\"https:\/\/alzira.es\/wp-content\/uploads\/2021\/09\/IMG_4829.jpg\" alt=\"IMG 4829\" width=\"935\" height=\"701\" \/><\/p>\n","protected":false},"excerpt":{"rendered":"<p>Durante el pasado fin de semana y dentro de la campa\u00f1a para el control de ciclomotores que habitualmente se inicia con el buen tiempo, los agentes de la Polic\u00eda Local de Alzira inmovilizaron un total de 7 ciclomotores para tener presuntamente alteradas sus condiciones t\u00e9cnicas. Adem\u00e1s, uno de los conductores dio positivo en la prueba &hellip; <\/p>\n<p class=\"link-more\"><a href=\"https:\/\/alzira.es\/es\/la-policia-local-d-alzira-immobilitza-7-ciclomotors-mes-per-irregularitats-greus\/\" class=\"more-link\">Continuar leyendo<span class=\"screen-reader-text\"> \u00abLa Polic\u00eda Local de Alzira inmoviliza 7 ciclomotores m\u00e1s por irregularidades graves\u00bb<\/span><\/a><\/p>\n","protected":false},"author":29,"featured_media":0,"comment_status":"closed","ping_status":"closed","sticky":false,"template":"","format":"standard","meta":{"_acf_changed":false,"footnotes":""},"categories":[4936],"tags":[],"class_list":["post-90243","post","type-post","status-publish","format-standard","hentry","category-hemeroteca-es"],"acf":[],"_links":{"self":[{"href":"https:\/\/alzira.es\/es\/wp-json\/wp\/v2\/posts\/90243","targetHints":{"allow":["GET"]}}],"collection":[{"href":"https:\/\/alzira.es\/es\/wp-json\/wp\/v2\/posts"}],"about":[{"href":"https:\/\/alzira.es\/es\/wp-json\/wp\/v2\/types\/post"}],"author":[{"embeddable":true,"href":"https:\/\/alzira.es\/es\/wp-json\/wp\/v2\/users\/29"}],"replies":[{"embeddable":true,"href":"https:\/\/alzira.es\/es\/wp-json\/wp\/v2\/comments?post=90243"}],"version-history":[{"count":0,"href":"https:\/\/alzira.es\/es\/wp-json\/wp\/v2\/posts\/90243\/revisions"}],"wp:attachment":[{"href":"https:\/\/alzira.es\/es\/wp-json\/wp\/v2\/media?parent=90243"}],"wp:term":[{"taxonomy":"category","embeddable":true,"href":"https:\/\/alzira.es\/es\/wp-json\/wp\/v2\/categories?post=90243"},{"taxonomy":"post_tag","embeddable":true,"href":"https:\/\/alzira.es\/es\/wp-json\/wp\/v2\/tags?post=90243"}],"curies":[{"name":"wp","href":"https:\/\/api.w.org\/{rel}","templated":true}]}}