{"id":90242,"date":"2021-05-18T12:59:33","date_gmt":"2021-05-18T10:59:33","guid":{"rendered":"https:\/\/alzira.es\/alzira-aposta-per-la-culturasegura-en-nan-fest-controlat\/"},"modified":"2021-05-18T12:59:33","modified_gmt":"2021-05-18T10:59:33","slug":"alzira-aposta-per-la-culturasegura-en-nan-fest-controlat","status":"publish","type":"post","link":"https:\/\/alzira.es\/es\/alzira-aposta-per-la-culturasegura-en-nan-fest-controlat\/","title":{"rendered":"Alzira apuesta por la #culturasegura en Nan@fest controlado"},"content":{"rendered":"<p style=\"font-family: sans-serif;\">El pasado fin de semana tuvo lugar la quinta edici\u00f3n del&nbsp;<strong>Nan@fest<\/strong>&nbsp;en el patio municipal del&nbsp;<strong>CEIP Ausi\u00e0s March de Alzira<\/strong>. A lo largo del s\u00e1bado, en sesi\u00f3n por la ma\u00f1ana y tarde pasaron por la escuela los ni\u00f1os y ni\u00f1as que acompa\u00f1ados de sus familiares disfrutaron de una amplia programaci\u00f3n.<\/p>\n<p style=\"font-family: sans-serif;\">Despu\u00e9s de la edici\u00f3n digital de 2020, que tuvo un alto seguimiento en las redes, ha llegado la&nbsp;<strong>programaci\u00f3n de 2021<\/strong>&nbsp;que volv\u00eda&nbsp;<strong>al aire libre pero con aforos limitados<\/strong>, medidas de seguridad contra la COVID 19 y un formato mucho m\u00e1s reducido que el de las tres primeras ediciones. Aun as\u00ed, el equipo del departamento de Cultura se mostr\u00f3 muy satisfecho del&nbsp;<strong>festival Nan@fest 2021<\/strong>&nbsp;en qu\u00e9&nbsp;<strong>Dril dio la bienvenida a las 800 personas<\/strong>&nbsp;que acudieron en un caluroso d\u00eda que llen\u00f3 el recinto de diversi\u00f3n, fiesta y vitalidad.<\/p>\n<p style=\"font-family: sans-serif;\"><em>\u00abLos ni\u00f1os y ni\u00f1as que conoc\u00edan el <a href=\"mailto:Nan@fest ya\">Nan@fest ya<\/a> ten\u00edan muchas ganas de que volviera y para mis peque\u00f1os, esto era lo primero y, a buen seguro que no lo olvidar\u00e1n. Desde la Concejal\u00eda estamos muy contentos contentos de hacer felices a los ni\u00f1os y a sus familias y de la gran acogida que tuvo el acontecimiento\u00bb<\/em>&nbsp;ha explicado el regidor de Cultura&nbsp;<strong>Alfred Aranda<\/strong>.<\/p>\n<p style=\"font-family: sans-serif;\">En total se ofrec\u00edan&nbsp;<strong>23 actividades<\/strong>&nbsp;entre&nbsp;<strong>talleres<\/strong>,&nbsp;<strong>animaciones<\/strong>,&nbsp;<strong>juegos<\/strong>,&nbsp;<strong>actuaciones<\/strong>&#8230; y muchas ganas de jugar, divertirse, experimentar y descubrir. Cada actividad ocupaba un espacio delimitado y muy separado de los otros, perfectamente controlado y cumpliendo las normas sanitarias vigentes. En el caso de los&nbsp;<strong>conciertos<\/strong>&nbsp;se ubicaron dos escenarios con sillas para el p\u00fablico, distanciadas segundos el que establece la normativa actual.&nbsp;<em>\u00ab400 asientos que estaban distribuidos en la zona de concierto para seguir la actividad desde las sillas\u00bb<\/em>&nbsp;a\u00f1ade el regidor.<\/p>\n<p style=\"font-family: sans-serif;\">Hay que destacar el \u00e9xito de las actividades que implicaban movimiento (<strong>roc\u00f3dromo<\/strong>,<strong>&nbsp;tirolina<\/strong>,&nbsp;<strong>multiaventura<\/strong>,&nbsp;<strong>zumba<\/strong>,&nbsp;<strong>alfarer\u00eda<\/strong>&#8230;) e interacci\u00f3n con otros ni\u00f1os y ni\u00f1as. Los asistentes disfrutaron de&nbsp;<span style=\"text-decoration: underline;\">la animaci\u00f3n<\/span>&nbsp;de&nbsp;<em><strong>\u00abPupetes i la faula de la cigala i la formiga\u00bb<\/strong><\/em>, se hicieron una foto en el&nbsp;<em>fotoreclam<\/em>&nbsp;con los modismos alcire\u00f1os y comieron <span style=\"text-decoration: underline;\">los helados<\/span> que nos obsequi\u00f3&nbsp;<em><strong>Ice cream factory<\/strong><\/em>. Y como colof\u00f3n de las dos sesiones,&nbsp;<span style=\"text-decoration: underline;\">las actuaciones<\/span>&nbsp;de&nbsp;<em><strong>Iruixa SKargots<\/strong><\/em>&nbsp;por la ma\u00f1ana y&nbsp;<em><strong>Dani Miquel y los MI-ME-M\u00cd-MO-M\u00daSICOS<\/strong>&nbsp;<\/em>en la tarde, fueron muy aplaudidas y generaron grandes momentos de complicidad entre padres e hijos que disfrutaron cantando las canciones en valenciano.<\/p>\n<p style=\"font-family: sans-serif;\">Desde el Ayuntamiento se traslada el<strong>&nbsp;agradecimiento<\/strong>&nbsp;a todo el&nbsp;<strong>equipo de cultura<\/strong>, as\u00ed como a los<strong>&nbsp;voluntarios<\/strong>&nbsp;de la&nbsp;<strong>Asociaci\u00f3n Cultural&nbsp;<em>La Tarumba<\/em><\/strong>&nbsp;que participaron,<strong>&nbsp;Protecci\u00f3n Civil<\/strong>, que estuvo presente durante todo el d\u00eda y que contribuyeron al buen funcionamiento de una jornada en que no hubo ning\u00fan incidente. Tambi\u00e9n a la&nbsp;<strong>empresa<\/strong>&nbsp;<em><strong>Ice Cream<\/strong><\/em>&nbsp;por su implicaci\u00f3n en la fiesta y la donaci\u00f3n de producto para los asistentes.<\/p>\n<p style=\"font-family: sans-serif;\">Por su parte, tanto los artistas como los t\u00e9cnicos y empresas implicadas agradecen la apuesta del consistorio por la cultura y la recuperaci\u00f3n econ\u00f3mica de este sector,&nbsp;<em>\u00abQueremos potenciar la actividad y la programaci\u00f3n de&nbsp;<strong>#culturasegura<\/strong>, de hecho continuamos con la campa\u00f1a&nbsp;<strong>\u00abSomriu als parcs\u00bb<\/strong>&nbsp;y cogiendo ideas para preparar el&nbsp;<strong>Nan@fest 2022<\/strong>, que esperamos que pueda volver al parque del Alquenencia\u00bb<\/em>&nbsp;, ha manifestado<strong>&nbsp;Aranda<\/strong>.<\/p>\n<p style=\"text-align: center;\"><img fetchpriority=\"high\" decoding=\"async\" src=\"https:\/\/alzira.es\/wp-content\/uploads\/2021\/09\/nanofest.jpeg\" alt=\"nanofest\" width=\"285\" height=\"507\" \/>&nbsp;<img decoding=\"async\" data-src=\"https:\/\/alzira.es\/wp-content\/uploads\/2021\/09\/nanofest_2.jpeg\" alt=\"nanofest 2\" width=\"902\" height=\"507\" src=\"data:image\/svg+xml;base64,PHN2ZyB3aWR0aD0iMSIgaGVpZ2h0PSIxIiB4bWxucz0iaHR0cDovL3d3dy53My5vcmcvMjAwMC9zdmciPjwvc3ZnPg==\" class=\"lazyload\" style=\"--smush-placeholder-width: 902px; --smush-placeholder-aspect-ratio: 902\/507;\" \/><\/p>\n<p>&nbsp;<\/p>\n","protected":false},"excerpt":{"rendered":"<p>El pasado fin de semana tuvo lugar la quinta edici\u00f3n del&nbsp;Nan@fest&nbsp;en el patio municipal del&nbsp;CEIP Ausi\u00e0s March de Alzira. A lo largo del s\u00e1bado, en sesi\u00f3n por la ma\u00f1ana y tarde pasaron por la escuela los ni\u00f1os y ni\u00f1as que acompa\u00f1ados de sus familiares disfrutaron de una amplia programaci\u00f3n. Despu\u00e9s de la edici\u00f3n digital de &hellip; <\/p>\n<p class=\"link-more\"><a href=\"https:\/\/alzira.es\/es\/alzira-aposta-per-la-culturasegura-en-nan-fest-controlat\/\" class=\"more-link\">Continuar leyendo<span class=\"screen-reader-text\"> \u00abAlzira apuesta por la #culturasegura en Nan@fest controlado\u00bb<\/span><\/a><\/p>\n","protected":false},"author":29,"featured_media":0,"comment_status":"closed","ping_status":"closed","sticky":false,"template":"","format":"standard","meta":{"_acf_changed":false,"footnotes":""},"categories":[4936],"tags":[],"class_list":["post-90242","post","type-post","status-publish","format-standard","hentry","category-hemeroteca-es"],"acf":[],"_links":{"self":[{"href":"https:\/\/alzira.es\/es\/wp-json\/wp\/v2\/posts\/90242","targetHints":{"allow":["GET"]}}],"collection":[{"href":"https:\/\/alzira.es\/es\/wp-json\/wp\/v2\/posts"}],"about":[{"href":"https:\/\/alzira.es\/es\/wp-json\/wp\/v2\/types\/post"}],"author":[{"embeddable":true,"href":"https:\/\/alzira.es\/es\/wp-json\/wp\/v2\/users\/29"}],"replies":[{"embeddable":true,"href":"https:\/\/alzira.es\/es\/wp-json\/wp\/v2\/comments?post=90242"}],"version-history":[{"count":0,"href":"https:\/\/alzira.es\/es\/wp-json\/wp\/v2\/posts\/90242\/revisions"}],"wp:attachment":[{"href":"https:\/\/alzira.es\/es\/wp-json\/wp\/v2\/media?parent=90242"}],"wp:term":[{"taxonomy":"category","embeddable":true,"href":"https:\/\/alzira.es\/es\/wp-json\/wp\/v2\/categories?post=90242"},{"taxonomy":"post_tag","embeddable":true,"href":"https:\/\/alzira.es\/es\/wp-json\/wp\/v2\/tags?post=90242"}],"curies":[{"name":"wp","href":"https:\/\/api.w.org\/{rel}","templated":true}]}}