{"id":90240,"date":"2021-05-18T10:01:04","date_gmt":"2021-05-18T08:01:04","guid":{"rendered":"https:\/\/alzira.es\/el-torcaf-es-celebrara-entre-el-26-al-28-d-agost\/"},"modified":"2021-05-18T10:01:04","modified_gmt":"2021-05-18T08:01:04","slug":"el-torcaf-es-celebrara-entre-el-26-al-28-d-agost","status":"publish","type":"post","link":"https:\/\/alzira.es\/es\/el-torcaf-es-celebrara-entre-el-26-al-28-d-agost\/","title":{"rendered":"El TORCAF se celebrar\u00e1 entre el 26 al 28 de agosto"},"content":{"rendered":"<p><strong>El TORCAF<\/strong>, torneo cadete a nivel nacional, <strong>volver\u00e1 a celebrarse en Alzira este a\u00f1o<\/strong>, despu\u00e9s del obligado alto de la pasada edici\u00f3n debido a las restricciones sanitarias provocadas para hacer frente a la pandemia mundial de la COVID-19.<\/p>\n<p><strong>Fernando Pascual<\/strong>, regidor de Deportes del Ayuntamiento de Alzira, junto al t\u00e9cnico del Departamento de Deportes se han reunido con <strong>Josep Fatsini<\/strong>, director del torneo y vicepresidente del Ciudad de Alzira, para terminar los preparativos del <strong>campeonato<\/strong> que se disputar\u00e1 <strong>entre el 26 y el 28 de agosto<\/strong>, y que enfrentar\u00e1 a los mejores equipos cadete de la <strong>Divisi\u00f3n de Honor<\/strong>: <strong>Bar\u00e7a<\/strong>,<strong> Real Madrid<\/strong>,<strong> Atl\u00e9tico de Madrid<\/strong>,<strong> Vila-real<\/strong>,<strong> Val\u00e8ncia y Levante<\/strong>.<\/p>\n<p style=\"text-align: center;\"><strong><img fetchpriority=\"high\" decoding=\"async\" src=\"https:\/\/alzira.es\/wp-content\/uploads\/2021\/09\/TORCAF.jpg\" alt=\"TORCAF\" width=\"873\" height=\"655\" \/><\/strong><\/p>\n<p style=\"text-align: center;\">&nbsp;<\/p>\n","protected":false},"excerpt":{"rendered":"<p>El TORCAF, torneo cadete a nivel nacional, volver\u00e1 a celebrarse en Alzira este a\u00f1o, despu\u00e9s del obligado alto de la pasada edici\u00f3n debido a las restricciones sanitarias provocadas para hacer frente a la pandemia mundial de la COVID-19. Fernando Pascual, regidor de Deportes del Ayuntamiento de Alzira, junto al t\u00e9cnico del Departamento de Deportes se &hellip; <\/p>\n<p class=\"link-more\"><a href=\"https:\/\/alzira.es\/es\/el-torcaf-es-celebrara-entre-el-26-al-28-d-agost\/\" class=\"more-link\">Continuar leyendo<span class=\"screen-reader-text\"> \u00abEl TORCAF se celebrar\u00e1 entre el 26 al 28 de agosto\u00bb<\/span><\/a><\/p>\n","protected":false},"author":29,"featured_media":0,"comment_status":"closed","ping_status":"closed","sticky":false,"template":"","format":"standard","meta":{"_acf_changed":false,"footnotes":""},"categories":[4936],"tags":[],"class_list":["post-90240","post","type-post","status-publish","format-standard","hentry","category-hemeroteca-es"],"acf":[],"_links":{"self":[{"href":"https:\/\/alzira.es\/es\/wp-json\/wp\/v2\/posts\/90240","targetHints":{"allow":["GET"]}}],"collection":[{"href":"https:\/\/alzira.es\/es\/wp-json\/wp\/v2\/posts"}],"about":[{"href":"https:\/\/alzira.es\/es\/wp-json\/wp\/v2\/types\/post"}],"author":[{"embeddable":true,"href":"https:\/\/alzira.es\/es\/wp-json\/wp\/v2\/users\/29"}],"replies":[{"embeddable":true,"href":"https:\/\/alzira.es\/es\/wp-json\/wp\/v2\/comments?post=90240"}],"version-history":[{"count":0,"href":"https:\/\/alzira.es\/es\/wp-json\/wp\/v2\/posts\/90240\/revisions"}],"wp:attachment":[{"href":"https:\/\/alzira.es\/es\/wp-json\/wp\/v2\/media?parent=90240"}],"wp:term":[{"taxonomy":"category","embeddable":true,"href":"https:\/\/alzira.es\/es\/wp-json\/wp\/v2\/categories?post=90240"},{"taxonomy":"post_tag","embeddable":true,"href":"https:\/\/alzira.es\/es\/wp-json\/wp\/v2\/tags?post=90240"}],"curies":[{"name":"wp","href":"https:\/\/api.w.org\/{rel}","templated":true}]}}