{"id":90239,"date":"2021-05-17T12:59:27","date_gmt":"2021-05-17T10:59:27","guid":{"rendered":"https:\/\/alzira.es\/alzira-es-personara-com-a-acusacio-en-el-cas-del-gos-que-va-patir-un-presumpte-maltractament\/"},"modified":"2021-05-17T12:59:27","modified_gmt":"2021-05-17T10:59:27","slug":"alzira-es-personara-com-a-acusacio-en-el-cas-del-gos-que-va-patir-un-presumpte-maltractament","status":"publish","type":"post","link":"https:\/\/alzira.es\/es\/alzira-es-personara-com-a-acusacio-en-el-cas-del-gos-que-va-patir-un-presumpte-maltractament\/","title":{"rendered":"Alzira se personar\u00e1 como acusaci\u00f3n en el caso del perro que sufri\u00f3 un presunto maltrato"},"content":{"rendered":"<p>Desde la concejal\u00eda de Sanidad se ha comenzado el proceso para personarse como acusaci\u00f3n popular y se ha dado traslado a la Fiscal\u00eda de Medio Ambiente de las diligencias que se han llevado a cabo tanto por parte de la Polic\u00eda Local de Alzira como por parte del veterinario que atendi\u00f3 e inform\u00f3 del caso.<\/p>\n<p><em>\u00abDesde el momento en que se recibi\u00f3 el aviso de la polic\u00eda el pasado d\u00eda 11, el departamento de Sanidad ha trabajado en este caso. Dada la gravedad de los hechos ocurridos y, despu\u00e9s de leer el informe policial y el veterinario indicando las lesiones que presentaba el animal, decidimos personarse como acusaci\u00f3n popular. El escrito ya est\u00e1 presentado en la Fiscal\u00eda de Medio Ambiente y el Departamento Jur\u00eddico municipal ya est\u00e1 trabajando en este caso\u00bb<\/em>, ha explicado la regidora del \u00e1rea,<strong> Gemma Al\u00f3s<\/strong>.<\/p>\n<p>As\u00ed mismo desde sanidad se ha informado que muchas son las personas que se han interesado en el estado del perro, que se encuentra bien de salud, est\u00e1 tranquilo y recuperado. Por el momento est\u00e1 en una casa de acogida temporal hasta que llegue la sentencia judicial. <strong>El animal no podr\u00e1 ser adoptado definitivamente hasta que no llegue la resoluci\u00f3n<\/strong>.<\/p>\n<p>Recordamos que el pasado <strong>martes d\u00eda 11<\/strong> la Polic\u00eda Local de Alzira actu\u00f3 a ra\u00edz de un aviso ciudadano en el <strong>presunto maltrato de un perro de raza Husky Siberiano<\/strong>. Despu\u00e9s de acudir al lugar de los hechos, la polic\u00eda consider\u00f3 necesario trasladar al animal en una cl\u00ednica veterinaria, por las heridas que presentaba. Inmediatamente se activaron todos el mecanismos de los que dispone el Ayuntamiento de Alzira para encontrar una casa de acogida y el mismo <strong>mi\u00e9rcoles 12<\/strong>, una <strong>asociaci\u00f3n protectora de animales se hizo cargo de \u00e9l<\/strong>, que todav\u00eda se encontraba en la cl\u00ednica veterinaria.<\/p>\n<p style=\"text-align: center;\"><img fetchpriority=\"high\" decoding=\"async\" src=\"https:\/\/alzira.es\/wp-content\/uploads\/2021\/09\/maltracte_animal_1.jpeg\" alt=\"maltracte animal 1\" width=\"667\" height=\"375\" \/>&nbsp;<img decoding=\"async\" data-src=\"https:\/\/alzira.es\/wp-content\/uploads\/2021\/09\/maltracte_animal_2.jpeg\" alt=\"maltracte animal 2\" width=\"663\" height=\"374\" src=\"data:image\/svg+xml;base64,PHN2ZyB3aWR0aD0iMSIgaGVpZ2h0PSIxIiB4bWxucz0iaHR0cDovL3d3dy53My5vcmcvMjAwMC9zdmciPjwvc3ZnPg==\" class=\"lazyload\" style=\"--smush-placeholder-width: 663px; --smush-placeholder-aspect-ratio: 663\/374;\" \/><\/p>\n","protected":false},"excerpt":{"rendered":"<p>Desde la concejal\u00eda de Sanidad se ha comenzado el proceso para personarse como acusaci\u00f3n popular y se ha dado traslado a la Fiscal\u00eda de Medio Ambiente de las diligencias que se han llevado a cabo tanto por parte de la Polic\u00eda Local de Alzira como por parte del veterinario que atendi\u00f3 e inform\u00f3 del caso. &hellip; <\/p>\n<p class=\"link-more\"><a href=\"https:\/\/alzira.es\/es\/alzira-es-personara-com-a-acusacio-en-el-cas-del-gos-que-va-patir-un-presumpte-maltractament\/\" class=\"more-link\">Continuar leyendo<span class=\"screen-reader-text\"> \u00abAlzira se personar\u00e1 como acusaci\u00f3n en el caso del perro que sufri\u00f3 un presunto maltrato\u00bb<\/span><\/a><\/p>\n","protected":false},"author":29,"featured_media":0,"comment_status":"closed","ping_status":"closed","sticky":false,"template":"","format":"standard","meta":{"_acf_changed":false,"footnotes":""},"categories":[4936],"tags":[],"class_list":["post-90239","post","type-post","status-publish","format-standard","hentry","category-hemeroteca-es"],"acf":[],"_links":{"self":[{"href":"https:\/\/alzira.es\/es\/wp-json\/wp\/v2\/posts\/90239","targetHints":{"allow":["GET"]}}],"collection":[{"href":"https:\/\/alzira.es\/es\/wp-json\/wp\/v2\/posts"}],"about":[{"href":"https:\/\/alzira.es\/es\/wp-json\/wp\/v2\/types\/post"}],"author":[{"embeddable":true,"href":"https:\/\/alzira.es\/es\/wp-json\/wp\/v2\/users\/29"}],"replies":[{"embeddable":true,"href":"https:\/\/alzira.es\/es\/wp-json\/wp\/v2\/comments?post=90239"}],"version-history":[{"count":0,"href":"https:\/\/alzira.es\/es\/wp-json\/wp\/v2\/posts\/90239\/revisions"}],"wp:attachment":[{"href":"https:\/\/alzira.es\/es\/wp-json\/wp\/v2\/media?parent=90239"}],"wp:term":[{"taxonomy":"category","embeddable":true,"href":"https:\/\/alzira.es\/es\/wp-json\/wp\/v2\/categories?post=90239"},{"taxonomy":"post_tag","embeddable":true,"href":"https:\/\/alzira.es\/es\/wp-json\/wp\/v2\/tags?post=90239"}],"curies":[{"name":"wp","href":"https:\/\/api.w.org\/{rel}","templated":true}]}}