{"id":90238,"date":"2021-05-17T12:04:29","date_gmt":"2021-05-17T10:04:29","guid":{"rendered":"https:\/\/alzira.es\/es-presenten-les-bases-dels-premis-d-innovacio-educativa\/"},"modified":"2021-05-17T12:04:29","modified_gmt":"2021-05-17T10:04:29","slug":"es-presenten-les-bases-dels-premis-d-innovacio-educativa","status":"publish","type":"post","link":"https:\/\/alzira.es\/es\/es-presenten-les-bases-dels-premis-d-innovacio-educativa\/","title":{"rendered":"Se presentan las bases de los Premios de Innovaci\u00f3n Educativa"},"content":{"rendered":"<p>El Ayuntamiento de Alzira ha presentado ya <strong>las bases<\/strong> de los <strong>Premios de Innovaci\u00f3n Educativa Ciudad de Alzira<\/strong>, unos galardones que llegan a la <strong>23.\u00aa edici\u00f3n<\/strong> y que quieren reconocer y estimular la experimentaci\u00f3n educativa que cada d\u00eda se lleva a cabo en las aulas.<\/p>\n<p>Continuando con la tarea comenzada por el Ayuntamiento de Alzira, desde las concejal\u00edas de <strong>Educaci\u00f3n y de Cultura<\/strong>, y con la colaboraci\u00f3n de la<strong> Fundaci\u00f3n Bromera<\/strong> para el Fomento de la Lectura y Edicions Bromera se convocamos los siguientes premios:<\/p>\n<p><strong>Este a\u00f1o se convocan los premios<\/strong> de Experiencia de Innovaci\u00f3n Educativa en <strong>tres categor\u00edas<\/strong>, cada una de ellas con un<strong> primer premio<\/strong> de <strong>800 euros<\/strong>: educaci\u00f3n <em><strong>infantil y primaria<\/strong><\/em>, educaci\u00f3n <em><strong>secundaria<\/strong><\/em> y la tercera categor\u00eda de<em> <strong>educaci\u00f3n especial<\/strong>, <strong>ense\u00f1anza de adultos y ense\u00f1anzas especializadas<\/strong>.<\/em><\/p>\n<p>A esta convocatoria pueden presentarse tanto personal docente tanto de manera individual como en equipo y tambi\u00e9n colectivos de madres y padres. Se trata de presentar proyectos realizados en los \u00faltimos dos cursos que potencian la creatividad del alumnado, el tratamiento y la difusi\u00f3n de la educaci\u00f3n en valores y la participaci\u00f3n en sociedad. La regidora de Educaci\u00f3n e infancia, <strong>Maria Calvo<\/strong> anima los centros a presentar iniciativas.<\/p>\n<p><em>\u00abLos premios de Innovaci\u00f3n Educativa nacieron como un est\u00edmulo indudable en la experimentaci\u00f3n educativa que d\u00eda a d\u00eda se lleva&nbsp; hacia las aulas de nuestras escuelas e institutos. Desde la Concejal\u00eda de Educaci\u00f3n, queremos apoyar en la tarea, a menudo silenciosa, de muchos profesores y profesoras decididos a mejorar la ense\u00f1anza y la formaci\u00f3n de nuestras generaciones futuras\u00bb<\/em> ha explicado la regidora de educaci\u00f3n <strong>Maria Calvo<\/strong>.<\/p>\n<p>Por otro lado tambi\u00e9n se convoca la <strong>decimosexta edici\u00f3n<\/strong> del premio de <strong>experiencias de fomento de la lectura<\/strong> con la organizaci\u00f3n de la concejal\u00eda de Cultura y la colaboraci\u00f3n de la Fundaci\u00f3n Bromera y Edicions Bromera, con el objetivo de difundir proyectos que impulsan y estimulan la lectura y le dan importancia.<\/p>\n<p><strong>Los proyectos<\/strong> se tienen que presentar <strong>desde el 1 de septiembre<\/strong> hasta el 29 de octubre.<\/p>\n<p style=\"text-align: center;\"><strong><img fetchpriority=\"high\" decoding=\"async\" src=\"https:\/\/alzira.es\/wp-content\/uploads\/2021\/09\/Premis_Innovacio_2021_00000002_P\u00e1gina_1.jpg\" alt=\"Premis Innovacio 2021 00000002 P\u00e1gina 1\" width=\"582\" height=\"412\" \/>&nbsp;<img decoding=\"async\" data-src=\"https:\/\/alzira.es\/wp-content\/uploads\/2021\/09\/Premis_Innovacio_2021_00000002_P\u00e1gina_2.jpg\" alt=\"Premis Innovacio 2021 00000002 P\u00e1gina 2\" width=\"581\" height=\"412\" src=\"data:image\/svg+xml;base64,PHN2ZyB3aWR0aD0iMSIgaGVpZ2h0PSIxIiB4bWxucz0iaHR0cDovL3d3dy53My5vcmcvMjAwMC9zdmciPjwvc3ZnPg==\" class=\"lazyload\" style=\"--smush-placeholder-width: 581px; --smush-placeholder-aspect-ratio: 581\/412;\" \/><\/strong><\/p>\n","protected":false},"excerpt":{"rendered":"<p>El Ayuntamiento de Alzira ha presentado ya las bases de los Premios de Innovaci\u00f3n Educativa Ciudad de Alzira, unos galardones que llegan a la 23.\u00aa edici\u00f3n y que quieren reconocer y estimular la experimentaci\u00f3n educativa que cada d\u00eda se lleva a cabo en las aulas. Continuando con la tarea comenzada por el Ayuntamiento de Alzira, &hellip; <\/p>\n<p class=\"link-more\"><a href=\"https:\/\/alzira.es\/es\/es-presenten-les-bases-dels-premis-d-innovacio-educativa\/\" class=\"more-link\">Continuar leyendo<span class=\"screen-reader-text\"> \u00abSe presentan las bases de los Premios de Innovaci\u00f3n Educativa\u00bb<\/span><\/a><\/p>\n","protected":false},"author":29,"featured_media":0,"comment_status":"closed","ping_status":"closed","sticky":false,"template":"","format":"standard","meta":{"_acf_changed":false,"footnotes":""},"categories":[4936],"tags":[],"class_list":["post-90238","post","type-post","status-publish","format-standard","hentry","category-hemeroteca-es"],"acf":[],"_links":{"self":[{"href":"https:\/\/alzira.es\/es\/wp-json\/wp\/v2\/posts\/90238","targetHints":{"allow":["GET"]}}],"collection":[{"href":"https:\/\/alzira.es\/es\/wp-json\/wp\/v2\/posts"}],"about":[{"href":"https:\/\/alzira.es\/es\/wp-json\/wp\/v2\/types\/post"}],"author":[{"embeddable":true,"href":"https:\/\/alzira.es\/es\/wp-json\/wp\/v2\/users\/29"}],"replies":[{"embeddable":true,"href":"https:\/\/alzira.es\/es\/wp-json\/wp\/v2\/comments?post=90238"}],"version-history":[{"count":0,"href":"https:\/\/alzira.es\/es\/wp-json\/wp\/v2\/posts\/90238\/revisions"}],"wp:attachment":[{"href":"https:\/\/alzira.es\/es\/wp-json\/wp\/v2\/media?parent=90238"}],"wp:term":[{"taxonomy":"category","embeddable":true,"href":"https:\/\/alzira.es\/es\/wp-json\/wp\/v2\/categories?post=90238"},{"taxonomy":"post_tag","embeddable":true,"href":"https:\/\/alzira.es\/es\/wp-json\/wp\/v2\/tags?post=90238"}],"curies":[{"name":"wp","href":"https:\/\/api.w.org\/{rel}","templated":true}]}}