{"id":90235,"date":"2021-05-14T08:28:13","date_gmt":"2021-05-14T06:28:13","guid":{"rendered":"https:\/\/alzira.es\/alzira-obri-de-manera-permanent-la-casa-d-alos-albergant-el-fons-etnologic-del-muma-etnomuma\/"},"modified":"2021-05-14T08:28:13","modified_gmt":"2021-05-14T06:28:13","slug":"alzira-obri-de-manera-permanent-la-casa-d-alos-albergant-el-fons-etnologic-del-muma-etnomuma","status":"publish","type":"post","link":"https:\/\/alzira.es\/es\/alzira-obri-de-manera-permanent-la-casa-d-alos-albergant-el-fons-etnologic-del-muma-etnomuma\/","title":{"rendered":"Alzira abre de manera permanente la Casa de Al\u00f3s albergando el fondo etnol\u00f3gico del MUMA: ETNOMUMA"},"content":{"rendered":"<p>Despu\u00e9s de un largo proceso de rehabilitaci\u00f3n y adecuaci\u00f3n, la<strong> Casa de Al\u00f3s<\/strong>, inmueble de finales del <strong>siglo XIX<\/strong> que encontramos en la Vila, barrio hist\u00f3rico de Alzira,<strong> abre sus puertas<\/strong> el <strong>18 de mayo<\/strong> de manera permanente, coincidiendo con el <strong>D\u00eda Internacional del Museos<\/strong>.<\/p>\n<p>Las visitas ofrecen la posibilidad de descubrir y admirar las dependencias de la casa, adem\u00e1s de visualizar el extenso material etnogr\u00e1fico del MUMA que finalmente queda expuesto en este espacio, lo cual contribuye a diversificar la oferta muse\u00edstica que ofrece Alzira.<\/p>\n<p>La fachada ha sido restaurada utilizando la t\u00e9cnica del <strong>\u00abtrampalojo\u00bb<\/strong> en que la perspectiva produce ilusi\u00f3n \u00f3ptica, mientras en cuanto al interior del inmueble, se ha trabajado en la restauraci\u00f3n y complementaci\u00f3n de las pinturas del techo; la instalaci\u00f3n del sistema de defensa de incendios, para salvaguardar los bienes amuebles; as\u00ed como el sistema multimedia de voz y datos para facilitar informaci\u00f3n a los visitantes del espacio.<\/p>\n<p><em>\u00abSin duda es uno de los lugares que no deja indiferente a nadie que lo visite, puesto que se trata de uno de los inmuebles patrimoniales m\u00e1s relevantes de nuestra ciudad donde destacan, entre otros elementos, una interesant\u00edsima muestra de azulejos cer\u00e1micos en el Hogar de los siglos XVIII y XIX, que fueron restaurados hace unos a\u00f1os, lo cual ayuda a poner en valor todo el conjunto de la Casa de Al\u00f3s que definitivamente se convierte en un nuevo espacio muse\u00edstico de nuestra ciudad\u00bb<\/em>, seg\u00fan <strong>Isabel Aguilar<\/strong>, regidora del \u00e1rea de Patrimonio Cultural.<\/p>\n<p><span style=\"text-decoration: underline;\">Los interesados al <strong>visitar la Casa de Al\u00f3s<\/strong> pueden hacerlo en los siguientes horarios<\/span>:<\/p>\n<p><span style=\"text-decoration: underline;\">de octubre a junio<\/span>:<strong> martes a viernes<\/strong>, de 11.00 a 13.00 horas y martes, de 17,00 a 20,00 horas<\/p>\n<p>Para otros horarios y para <strong>grupos concertar visita<\/strong> al MUMA a trav\u00e9s del tel\u00e9fono<strong> 96 201 76 49<\/strong><\/p>\n<p style=\"text-align: center;\"><strong><img fetchpriority=\"high\" decoding=\"async\" src=\"https:\/\/alzira.es\/wp-content\/uploads\/2021\/09\/Casa_dAlos_1.jpg\" alt=\"Casa dAlos 1\" width=\"976\" height=\"732\" \/><\/strong><\/p>\n<p style=\"text-align: center;\"><strong><img decoding=\"async\" data-src=\"https:\/\/alzira.es\/wp-content\/uploads\/2021\/09\/Casa_dAlos_2.png\" alt=\"Casa dAlos 2\" width=\"500\" height=\"371\" src=\"data:image\/svg+xml;base64,PHN2ZyB3aWR0aD0iMSIgaGVpZ2h0PSIxIiB4bWxucz0iaHR0cDovL3d3dy53My5vcmcvMjAwMC9zdmciPjwvc3ZnPg==\" class=\"lazyload\" style=\"--smush-placeholder-width: 500px; --smush-placeholder-aspect-ratio: 500\/371;\" \/>&nbsp;<img decoding=\"async\" data-src=\"https:\/\/alzira.es\/wp-content\/uploads\/2021\/09\/Casa_dAlos_3.png\" alt=\"Casa dAlos 3\" width=\"591\" height=\"371\" src=\"data:image\/svg+xml;base64,PHN2ZyB3aWR0aD0iMSIgaGVpZ2h0PSIxIiB4bWxucz0iaHR0cDovL3d3dy53My5vcmcvMjAwMC9zdmciPjwvc3ZnPg==\" class=\"lazyload\" style=\"--smush-placeholder-width: 591px; --smush-placeholder-aspect-ratio: 591\/371;\" \/><\/strong><\/p>\n","protected":false},"excerpt":{"rendered":"<p>Despu\u00e9s de un largo proceso de rehabilitaci\u00f3n y adecuaci\u00f3n, la Casa de Al\u00f3s, inmueble de finales del siglo XIX que encontramos en la Vila, barrio hist\u00f3rico de Alzira, abre sus puertas el 18 de mayo de manera permanente, coincidiendo con el D\u00eda Internacional del Museos. Las visitas ofrecen la posibilidad de descubrir y admirar las &hellip; <\/p>\n<p class=\"link-more\"><a href=\"https:\/\/alzira.es\/es\/alzira-obri-de-manera-permanent-la-casa-d-alos-albergant-el-fons-etnologic-del-muma-etnomuma\/\" class=\"more-link\">Continuar leyendo<span class=\"screen-reader-text\"> \u00abAlzira abre de manera permanente la Casa de Al\u00f3s albergando el fondo etnol\u00f3gico del MUMA: ETNOMUMA\u00bb<\/span><\/a><\/p>\n","protected":false},"author":29,"featured_media":0,"comment_status":"closed","ping_status":"closed","sticky":false,"template":"","format":"standard","meta":{"_acf_changed":false,"footnotes":""},"categories":[4936],"tags":[],"class_list":["post-90235","post","type-post","status-publish","format-standard","hentry","category-hemeroteca-es"],"acf":[],"_links":{"self":[{"href":"https:\/\/alzira.es\/es\/wp-json\/wp\/v2\/posts\/90235","targetHints":{"allow":["GET"]}}],"collection":[{"href":"https:\/\/alzira.es\/es\/wp-json\/wp\/v2\/posts"}],"about":[{"href":"https:\/\/alzira.es\/es\/wp-json\/wp\/v2\/types\/post"}],"author":[{"embeddable":true,"href":"https:\/\/alzira.es\/es\/wp-json\/wp\/v2\/users\/29"}],"replies":[{"embeddable":true,"href":"https:\/\/alzira.es\/es\/wp-json\/wp\/v2\/comments?post=90235"}],"version-history":[{"count":0,"href":"https:\/\/alzira.es\/es\/wp-json\/wp\/v2\/posts\/90235\/revisions"}],"wp:attachment":[{"href":"https:\/\/alzira.es\/es\/wp-json\/wp\/v2\/media?parent=90235"}],"wp:term":[{"taxonomy":"category","embeddable":true,"href":"https:\/\/alzira.es\/es\/wp-json\/wp\/v2\/categories?post=90235"},{"taxonomy":"post_tag","embeddable":true,"href":"https:\/\/alzira.es\/es\/wp-json\/wp\/v2\/tags?post=90235"}],"curies":[{"name":"wp","href":"https:\/\/api.w.org\/{rel}","templated":true}]}}