{"id":90233,"date":"2021-05-14T07:58:50","date_gmt":"2021-05-14T05:58:50","guid":{"rendered":"https:\/\/alzira.es\/alzira-obri-el-termini-d-inscripcio-per-a-adherir-se-al-tractament-contra-el-cotonet\/"},"modified":"2021-05-14T07:58:50","modified_gmt":"2021-05-14T05:58:50","slug":"alzira-obri-el-termini-d-inscripcio-per-a-adherir-se-al-tractament-contra-el-cotonet","status":"publish","type":"post","link":"https:\/\/alzira.es\/es\/alzira-obri-el-termini-d-inscripcio-per-a-adherir-se-al-tractament-contra-el-cotonet\/","title":{"rendered":"Alzira abre el plazo de inscripci\u00f3n para adherirse al tratamiento contra \u00abel cotonet\u00bb"},"content":{"rendered":"<p><strong>A partir<\/strong> del pr\u00f3ximo<strong> lunes 17 de mayo<\/strong> y hasta el 18 de junio, los dos inclusivamente, se <strong>abre plazo de inscripci\u00f3n<\/strong> para el tratamiento de la plaga conocida como <strong>\u00abel cotonet\u00bb<\/strong> con el insecto Cryptolemus.<\/p>\n<p>El tratamiento consiste en el reparto de estos insectos \u00fatiles que act\u00faan contra la plaga. La cr\u00eda del Cryptolemus spp se ha llevado a cabo al Insectario municipal del Ayuntamiento de Alzira, reabierto recientemente a instancia del Consejo Municipal Agrario.<\/p>\n<p>Podr\u00e1n inscribirse las <strong>persones f\u00edsicas o empresas propietarias<\/strong> de <strong>parcelas agr\u00edcolas<\/strong> de <strong>kakis<\/strong> o<strong> c\u00edtricos<\/strong> en explotaci\u00f3n situadas en el t\u00e9rmino municipal de Alzira.<\/p>\n<p>Las solicitudes tienen que formularse individualmente por cada agricultor, propietario o representante legal y es posible alcanzar varias parcelas de los cultivos mencionados, siempre que todas ellas est\u00e9n en el t\u00e9rmino municipal de Alzira. Hay que saber que tienen preferencia las explotaciones con certificado ecol\u00f3gico, seguidas de la producci\u00f3n integrada, y finalmente las explotaciones convencionales.<\/p>\n<p style=\"margin-left: 30px;\"><span style=\"text-decoration: underline;\">Los interesados tendr\u00e1n que aportar los siguientes datos<\/span>:<br \/>\u2022 Partida, pol\u00edgono, parcela, superficie y tipo de cultivo (solo parcelas en explotaci\u00f3n situadas en t\u00e9rmino municipal de Alzira)<br \/>\u2022 Si se trata de producci\u00f3n integrada o agricultura ecol\u00f3gica documento que lo acredito (certificado del CAAE o copia del registro en producci\u00f3n integrada, si procede)<br \/>\u2022 En la solicitud firmar\u00e1n una declaraci\u00f3n responsable en la cual se comprometen a soltar los insectos en parcelas situadas en el t\u00e9rmino municipal de Alzira.<\/p>\n<p>Para <strong>mayor informaci\u00f3n<\/strong>, se puede telefonear a la <strong>concejal\u00eda de Agricultura<\/strong> al <strong>96 245 92 69<\/strong>.<\/p>\n<p style=\"text-align: center;\"><img fetchpriority=\"high\" decoding=\"async\" src=\"https:\/\/alzira.es\/wp-content\/uploads\/2021\/09\/image00007.ok.jpg\" alt=\"image00007.ok\" width=\"573\" height=\"430\" \/>&nbsp;<img decoding=\"async\" data-src=\"https:\/\/alzira.es\/wp-content\/uploads\/2021\/09\/image00003.ok.jpg\" alt=\"image00003.ok\" width=\"572\" height=\"429\" src=\"data:image\/svg+xml;base64,PHN2ZyB3aWR0aD0iMSIgaGVpZ2h0PSIxIiB4bWxucz0iaHR0cDovL3d3dy53My5vcmcvMjAwMC9zdmciPjwvc3ZnPg==\" class=\"lazyload\" style=\"--smush-placeholder-width: 572px; --smush-placeholder-aspect-ratio: 572\/429;\" \/><\/p>\n","protected":false},"excerpt":{"rendered":"<p>A partir del pr\u00f3ximo lunes 17 de mayo y hasta el 18 de junio, los dos inclusivamente, se abre plazo de inscripci\u00f3n para el tratamiento de la plaga conocida como \u00abel cotonet\u00bb con el insecto Cryptolemus. El tratamiento consiste en el reparto de estos insectos \u00fatiles que act\u00faan contra la plaga. La cr\u00eda del Cryptolemus &hellip; <\/p>\n<p class=\"link-more\"><a href=\"https:\/\/alzira.es\/es\/alzira-obri-el-termini-d-inscripcio-per-a-adherir-se-al-tractament-contra-el-cotonet\/\" class=\"more-link\">Continuar leyendo<span class=\"screen-reader-text\"> \u00abAlzira abre el plazo de inscripci\u00f3n para adherirse al tratamiento contra \u00abel cotonet\u00bb\u00bb<\/span><\/a><\/p>\n","protected":false},"author":29,"featured_media":0,"comment_status":"closed","ping_status":"closed","sticky":false,"template":"","format":"standard","meta":{"_acf_changed":false,"footnotes":""},"categories":[4936],"tags":[],"class_list":["post-90233","post","type-post","status-publish","format-standard","hentry","category-hemeroteca-es"],"acf":[],"_links":{"self":[{"href":"https:\/\/alzira.es\/es\/wp-json\/wp\/v2\/posts\/90233","targetHints":{"allow":["GET"]}}],"collection":[{"href":"https:\/\/alzira.es\/es\/wp-json\/wp\/v2\/posts"}],"about":[{"href":"https:\/\/alzira.es\/es\/wp-json\/wp\/v2\/types\/post"}],"author":[{"embeddable":true,"href":"https:\/\/alzira.es\/es\/wp-json\/wp\/v2\/users\/29"}],"replies":[{"embeddable":true,"href":"https:\/\/alzira.es\/es\/wp-json\/wp\/v2\/comments?post=90233"}],"version-history":[{"count":0,"href":"https:\/\/alzira.es\/es\/wp-json\/wp\/v2\/posts\/90233\/revisions"}],"wp:attachment":[{"href":"https:\/\/alzira.es\/es\/wp-json\/wp\/v2\/media?parent=90233"}],"wp:term":[{"taxonomy":"category","embeddable":true,"href":"https:\/\/alzira.es\/es\/wp-json\/wp\/v2\/categories?post=90233"},{"taxonomy":"post_tag","embeddable":true,"href":"https:\/\/alzira.es\/es\/wp-json\/wp\/v2\/tags?post=90233"}],"curies":[{"name":"wp","href":"https:\/\/api.w.org\/{rel}","templated":true}]}}