{"id":90232,"date":"2021-05-14T07:41:12","date_gmt":"2021-05-14T05:41:12","guid":{"rendered":"https:\/\/alzira.es\/alzira-demana-precaucio-davant-el-risc-d-incendi-per-les-altes-temperatures\/"},"modified":"2021-05-14T07:41:12","modified_gmt":"2021-05-14T05:41:12","slug":"alzira-demana-precaucio-davant-el-risc-d-incendi-per-les-altes-temperatures","status":"publish","type":"post","link":"https:\/\/alzira.es\/es\/alzira-demana-precaucio-davant-el-risc-d-incendi-per-les-altes-temperatures\/","title":{"rendered":"Alzira pide precauci\u00f3n ante el riesgo de incendio por las altas temperaturas"},"content":{"rendered":"<h3 style=\"text-align: left;\"><em>\u2022 S\u00e1bado y domingo se esperan m\u00e1ximas de 36 y 37 \u00b0C<\/em><\/h3>\n<p style=\"text-align: left;\">El Ayuntamiento de Alzira, ante la previsi\u00f3n del aumento de las temperaturas de este fin de semana, recomienda <strong>extremar las precauciones respecto al uso del fuego<\/strong> y ruega la colaboraci\u00f3n ciudadana.<\/p>\n<p>La Concejal\u00eda de Medio Ambiente, Agricultura y Transici\u00f3n Ecol\u00f3gica informa que este fin de semana del <strong>15 al 16 de mayo<\/strong>, se espera una <strong>intensa subida de las temperaturas<\/strong> provocada por los <strong>vientos de poniente<\/strong>, que llegar\u00e1 en nuestro t\u00e9rmino a valores alrededor de los <strong>36-37 \u00b0C<\/strong>.<\/p>\n<p>Se pide a toda la ciudadan\u00eda que <strong>se extremen las precauciones en el uso del fuego<\/strong> especialmente en <strong>las urbanizaciones y n\u00facleos habitados<\/strong> que est\u00e9n rodeadas de entorno forestal. Tambi\u00e9n est\u00e1<strong> prohibido<\/strong> hacer fuego en<strong> los propios suelos agr\u00edcolas y forestales<\/strong>, para minimizar las posibilidades de iniciar incendios forestales.<\/p>\n<p>En este sentido, <strong>Pep Carreres<\/strong>, regidor del \u00e1rea, aclara que <em>\u00abHay que tener presentes las medidas de prevenci\u00f3n ligadas al uso del fuego en chal\u00e9s y casetas de campo que est\u00e1n rodeadas de suelo forestal. En estas condiciones de calor no debemos de cocinar al aire libre, solo podr\u00edamos hacerlo si el paellero o la barbacoa est\u00e1n habilitados y normalizados y siguiendo las estrictas medidas de seguridad previstas a la ordenanza de autoprotecci\u00f3n ante incendios forestales en suelo urbano y urbanizado con entorno forestal\u00bb<\/em><\/p>\n<p><span style=\"text-decoration: underline;\">Las <strong>autorizaciones<\/strong> de crema de restos de poda agr\u00edcola<\/span> para el <em><strong>s\u00e1bado 15 de mayo<\/strong><\/em> quedar\u00e1n en suspensi\u00f3n <strong>si el Centro<\/strong> de Coordinaci\u00f3n de Emergencias de la Generalitat Valenciana <strong>declara preemergencia<\/strong> por incendios forestales <strong>en nivel 2 alto<\/strong> (naranja) o <strong>nivel 3 extremo<\/strong> (rojo). Para el<em><strong> domingo 16 de mayo<\/strong><\/em> las <strong>cremas agr\u00edcolas<\/strong> est\u00e1n<strong> completamente prohibidas<\/strong> en todo el t\u00e9rmino municipal.<\/p>\n<p>Se ruega colaboraci\u00f3n a la ciudadan\u00eda para que, <strong>en caso de detectar humos sospechosos o un conato de incendio forestal<\/strong>, aviso inmediatamente al <strong>112<\/strong> para que los agentes de emergencia y extinci\u00f3n puedan intervenir en el tiempo m\u00e1s breve posible.<\/p>\n<p style=\"text-align: center;\"><img fetchpriority=\"high\" decoding=\"async\" src=\"https:\/\/alzira.es\/wp-content\/uploads\/2021\/09\/previsi\u00f3_temperatura-01.jpg\" alt=\"previsi\u00f3 temperatura-01\" width=\"488\" height=\"392\" \/><\/p>\n","protected":false},"excerpt":{"rendered":"<p>\u2022 S\u00e1bado y domingo se esperan m\u00e1ximas de 36 y 37 \u00b0C El Ayuntamiento de Alzira, ante la previsi\u00f3n del aumento de las temperaturas de este fin de semana, recomienda extremar las precauciones respecto al uso del fuego y ruega la colaboraci\u00f3n ciudadana. La Concejal\u00eda de Medio Ambiente, Agricultura y Transici\u00f3n Ecol\u00f3gica informa que este &hellip; <\/p>\n<p class=\"link-more\"><a href=\"https:\/\/alzira.es\/es\/alzira-demana-precaucio-davant-el-risc-d-incendi-per-les-altes-temperatures\/\" class=\"more-link\">Continuar leyendo<span class=\"screen-reader-text\"> \u00abAlzira pide precauci\u00f3n ante el riesgo de incendio por las altas temperaturas\u00bb<\/span><\/a><\/p>\n","protected":false},"author":29,"featured_media":0,"comment_status":"closed","ping_status":"closed","sticky":false,"template":"","format":"standard","meta":{"_acf_changed":false,"footnotes":""},"categories":[4936],"tags":[],"class_list":["post-90232","post","type-post","status-publish","format-standard","hentry","category-hemeroteca-es"],"acf":[],"_links":{"self":[{"href":"https:\/\/alzira.es\/es\/wp-json\/wp\/v2\/posts\/90232","targetHints":{"allow":["GET"]}}],"collection":[{"href":"https:\/\/alzira.es\/es\/wp-json\/wp\/v2\/posts"}],"about":[{"href":"https:\/\/alzira.es\/es\/wp-json\/wp\/v2\/types\/post"}],"author":[{"embeddable":true,"href":"https:\/\/alzira.es\/es\/wp-json\/wp\/v2\/users\/29"}],"replies":[{"embeddable":true,"href":"https:\/\/alzira.es\/es\/wp-json\/wp\/v2\/comments?post=90232"}],"version-history":[{"count":0,"href":"https:\/\/alzira.es\/es\/wp-json\/wp\/v2\/posts\/90232\/revisions"}],"wp:attachment":[{"href":"https:\/\/alzira.es\/es\/wp-json\/wp\/v2\/media?parent=90232"}],"wp:term":[{"taxonomy":"category","embeddable":true,"href":"https:\/\/alzira.es\/es\/wp-json\/wp\/v2\/categories?post=90232"},{"taxonomy":"post_tag","embeddable":true,"href":"https:\/\/alzira.es\/es\/wp-json\/wp\/v2\/tags?post=90232"}],"curies":[{"name":"wp","href":"https:\/\/api.w.org\/{rel}","templated":true}]}}