{"id":90231,"date":"2021-05-14T07:26:28","date_gmt":"2021-05-14T05:26:28","guid":{"rendered":"https:\/\/alzira.es\/llum-verda-per-a-la-licitacio-del-sostre-del-pavello-d-esports-fontana-mogort\/"},"modified":"2021-05-14T07:26:28","modified_gmt":"2021-05-14T05:26:28","slug":"llum-verda-per-a-la-licitacio-del-sostre-del-pavello-d-esports-fontana-mogort","status":"publish","type":"post","link":"https:\/\/alzira.es\/es\/llum-verda-per-a-la-licitacio-del-sostre-del-pavello-d-esports-fontana-mogort\/","title":{"rendered":"Luz verde para la licitaci\u00f3n del techo del pabell\u00f3n de deportes Fontana Mogort"},"content":{"rendered":"<p><strong>La intervenci\u00f3n en el techo del pabell\u00f3n de deportes Fontana Mogort tiene luz verde para su ejecuci\u00f3n<\/strong>, despu\u00e9s de darse como favorable la licitaci\u00f3n para proceder a la contrataci\u00f3n de las obras de rehabilitaci\u00f3n estructural del recinto. El objeto del proyecto es la sustituci\u00f3n integral de la cubierta del pabell\u00f3n despu\u00e9s de que en 2019 el Ayuntamiento encargara un exhaustivo estudio para inspeccionar el elementos que conforman la estructura y a la vista de los numerosos da\u00f1os y el deficiente estado de las soldaduras existentes, junto a los problemas de corrosi\u00f3n e impermeabilizaci\u00f3n decidiera redactar un proyecto b\u00e1sico que contemplaba la sustituci\u00f3n integral del techo.<\/p>\n<p>Los trabajos <strong>previstos<\/strong> consistir\u00e1n en garantizar la correcta impermeabilizaci\u00f3n del techo y la conexi\u00f3n del sistema de drenaje de las instalaciones existentes, puesto que en los \u00faltimos a\u00f1os se han grabado varios problemas de filtraciones en la cubierta en el periodos de fuertes lluvias. Esta problem\u00e1tica se agravi\u00f3 en 2018 debido a las intensas precipitaciones que aceleraron las filtraciones de la cubierta y los elementos de los sistema de evacuaci\u00f3n.<\/p>\n<p>Esta <strong>previsto<\/strong> que <strong>los pilares aumentan metro y medio para dotar hasta ocho metros la altura libre de las pistas deportivas<\/strong>, as\u00ed como la<strong> instalaci\u00f3n de<\/strong> <strong>paneles que facilitan la entrada de luz natural<\/strong>.<\/p>\n<p>Los trabajos se realizar\u00e1n en tres fases para no dejar el pabell\u00f3n totalmente a cuerpo descubierto. Se plantea, adem\u00e1s, un sistema de recogida de aguas pluviales de la cubierta y la sustituci\u00f3n de las luminarias situadas en la cubierta por el sistema Led, para <strong>propiciar un ahorro en el consumo energ\u00e9tico y mejorar la calidad de la luz<\/strong>.<\/p>\n<p><em>\u00abEl Ayuntamiento de Alzira ha tenido que hacer un esfuerzo importante para hacer realidad la anhelada rehabilitaci\u00f3n del techo del Fontana Mogort, que posibilitar\u00e1 de nuevo el uso de la instalaci\u00f3n deportiva, ahora cerrada por el peligro que presenta el mal estado del techo del pabell\u00f3n\u00bb<\/em>, seg\u00fan <strong>Fernando Pascual<\/strong>, regidor de Deportes.<\/p>\n<p>El pabell\u00f3n <strong>Fontana Mogort<\/strong> fue originalmente mercado de alcances, se inaugur\u00f3 el 1967, pero en <strong>1984<\/strong> se modific\u00f3 su uso para transformarlo en instalaci\u00f3n deportiva integrante pistas y vestuarios, para el cual se eliminaron los apoyos centrales y se reforz\u00f3 la estructura de cubierta.<\/p>\n<p><em>\u00abDebido al tiempo transcurrido desde que fue inaugurado, desde la Concejal\u00eda de Deportes del Ayuntamiento de Alzira, nos vemos en la obligaci\u00f3n de condicionar y dar soluci\u00f3n a los problemas estructurales del Fontana Mogort, puesto que la gran cantidad de alcire\u00f1as y alcire\u00f1os que lo utilizan para la pr\u00e1ctica del deporte tienen que tener a su alcance unas instalaciones dignas y totalmente seguras para albergar las diversas disciplinas deportivas que acoge este pabell\u00f3n cubierto\u00bb<\/em>, seg\u00fan el regidor.<\/p>\n<p style=\"text-align: center;\"><img decoding=\"async\" data-src=\"https:\/\/alzira.es\/wp-content\/uploads\/2021\/09\/fontana_1.jpg\" alt=\"fontana 1\" src=\"data:image\/svg+xml;base64,PHN2ZyB3aWR0aD0iMSIgaGVpZ2h0PSIxIiB4bWxucz0iaHR0cDovL3d3dy53My5vcmcvMjAwMC9zdmciPjwvc3ZnPg==\" class=\"lazyload\" style=\"--smush-placeholder-width: 880px; --smush-placeholder-aspect-ratio: 880\/495;\" \/><\/p>\n","protected":false},"excerpt":{"rendered":"<p>La intervenci\u00f3n en el techo del pabell\u00f3n de deportes Fontana Mogort tiene luz verde para su ejecuci\u00f3n, despu\u00e9s de darse como favorable la licitaci\u00f3n para proceder a la contrataci\u00f3n de las obras de rehabilitaci\u00f3n estructural del recinto. El objeto del proyecto es la sustituci\u00f3n integral de la cubierta del pabell\u00f3n despu\u00e9s de que en 2019 &hellip; <\/p>\n<p class=\"link-more\"><a href=\"https:\/\/alzira.es\/es\/llum-verda-per-a-la-licitacio-del-sostre-del-pavello-d-esports-fontana-mogort\/\" class=\"more-link\">Continuar leyendo<span class=\"screen-reader-text\"> \u00abLuz verde para la licitaci\u00f3n del techo del pabell\u00f3n de deportes Fontana Mogort\u00bb<\/span><\/a><\/p>\n","protected":false},"author":29,"featured_media":0,"comment_status":"closed","ping_status":"closed","sticky":false,"template":"","format":"standard","meta":{"_acf_changed":false,"footnotes":""},"categories":[4936],"tags":[],"class_list":["post-90231","post","type-post","status-publish","format-standard","hentry","category-hemeroteca-es"],"acf":[],"_links":{"self":[{"href":"https:\/\/alzira.es\/es\/wp-json\/wp\/v2\/posts\/90231","targetHints":{"allow":["GET"]}}],"collection":[{"href":"https:\/\/alzira.es\/es\/wp-json\/wp\/v2\/posts"}],"about":[{"href":"https:\/\/alzira.es\/es\/wp-json\/wp\/v2\/types\/post"}],"author":[{"embeddable":true,"href":"https:\/\/alzira.es\/es\/wp-json\/wp\/v2\/users\/29"}],"replies":[{"embeddable":true,"href":"https:\/\/alzira.es\/es\/wp-json\/wp\/v2\/comments?post=90231"}],"version-history":[{"count":0,"href":"https:\/\/alzira.es\/es\/wp-json\/wp\/v2\/posts\/90231\/revisions"}],"wp:attachment":[{"href":"https:\/\/alzira.es\/es\/wp-json\/wp\/v2\/media?parent=90231"}],"wp:term":[{"taxonomy":"category","embeddable":true,"href":"https:\/\/alzira.es\/es\/wp-json\/wp\/v2\/categories?post=90231"},{"taxonomy":"post_tag","embeddable":true,"href":"https:\/\/alzira.es\/es\/wp-json\/wp\/v2\/tags?post=90231"}],"curies":[{"name":"wp","href":"https:\/\/api.w.org\/{rel}","templated":true}]}}