{"id":90230,"date":"2021-05-14T06:41:13","date_gmt":"2021-05-14T04:41:13","guid":{"rendered":"https:\/\/alzira.es\/l-ajuntament-d-alzira-adquirix-dos-plafons-i-al-tres-elements-ceramics-procedents-del-forn-de-les-rajoletes\/"},"modified":"2021-05-14T06:41:13","modified_gmt":"2021-05-14T04:41:13","slug":"l-ajuntament-d-alzira-adquirix-dos-plafons-i-al-tres-elements-ceramics-procedents-del-forn-de-les-rajoletes","status":"publish","type":"post","link":"https:\/\/alzira.es\/es\/l-ajuntament-d-alzira-adquirix-dos-plafons-i-al-tres-elements-ceramics-procedents-del-forn-de-les-rajoletes\/","title":{"rendered":"El Ayuntamiento de Alzira adquiere dos plafones y otros elementos cer\u00e1micos procedentes del Forn de les Rajoletes"},"content":{"rendered":"<p>El <strong>pr\u00f3ximo<\/strong> mes de<strong> junio<\/strong> har\u00e1 <strong>18 a\u00f1os que se desplom\u00f3 el conocido \u00abForn de les Rajoletes\u00bb<\/strong>, ubicado en la antigua calle Teniente Bosc\u00e0. En el escombro del horno perdi\u00f3 la vida su propietaria y panadera <strong>Emilia Taballo<\/strong>.<\/p>\n<p><strong>El Ayuntamiento de Alzira<\/strong>, desde la Concejal\u00eda de Patrimonio Cultural, <strong>ha recuperado dos plafones de gran valor cultural y etnol\u00f3gico<\/strong>. Se trata de <strong>un plaf\u00f3n<\/strong> del <strong>siglo XVIII<\/strong> que representa <strong>San Crist\u00f3bal<\/strong> y <strong>una Virgen Mar\u00eda de los Desamparados<\/strong>, de comienzos<strong> del siglo XIX<\/strong>.<\/p>\n<p>En el momento que se derroc\u00f3 los restos del horno asolado, el Ayuntamiento se hizo cargo de salvaguardar los dos plafones cer\u00e1micos en los restos del inmueble.<\/p>\n<p><em>\u00abLos plafones y otros elementos cer\u00e1micos han sido adquiridos por el Ayuntamiento de Alzira por un valor de 6.000 euros, despu\u00e9s de las negociaciones con los herederos. A partir de ahora, son un elemento patrimonial m\u00e1s de los alcire\u00f1os y, una vez restaurados, quiz\u00e1s se ubicar\u00e1n en la cocina de la Casa de Al\u00f3s\u00bb<\/em>, seg\u00fan la regidora de Patrimonio Cultural, <strong>Isabel Aguilar<\/strong>.<\/p>\n<p><span style=\"text-decoration: underline;\">Estas son las caracter\u00edsticas de los dos plafones y las baldositas policromadas<\/span>:<\/p>\n<p><strong>\u00abSan Crist\u00f3bal\u00bb<\/strong>. Plaf\u00f3n cer\u00e1mico devocional del siglo XVIII que representa el santo llevando al hombro a Jes\u00fas. Est\u00e1 compuesto por 12 baldosas cer\u00e1micas policromadas de 20 \u00d7 20 cm. Su estado de conservaci\u00f3n es deficiente, puesto que presenta desconchaduras y rotos pr\u00e1cticamente por toda la superficie a causa de la antig\u00fcedad, de haber sido instalado en diferentes lugares y trasladado, sufriendo alguna intervenci\u00f3n de conservaci\u00f3n poco metodol\u00f3gica, con la definitiva afecci\u00f3n producida por la ca\u00edda del inmueble y la retirada del muro donde estaba adherido por el reverso con material muy resistente y poco adecuado. De las cuatro baldosas que se sit\u00faan en el eje central en orden vertical, est\u00e1n partidas: la superior en tres fragmentos, da\u00f1ando la cara del santo; la correspondiente al cuerpo del santo en cinco fragmentos, y la del pie izquierdo en tres fragmentos y uno faltando por la parte de la cenefa pintada que rodea el tema central. As\u00ed mismo, la l\u00ednea inferior, la baldosa del pie derecho del santo fracturado en tres trozos y una faltando de la cenefa que enlaza en la siguiente baldosa; la tercera y detr\u00e1s de la l\u00ednea inferior tambi\u00e9n rota en dos fragmentos y desconchado. El valor estimado de la pieza, teniendo en cuenta el proceso de recuperaci\u00f3n, es de dos mil doscientos cincuenta euros.<\/p>\n<p><strong>\u00abLa Virgen Mar\u00eda de los Desamparados. A\u00f1o 1835\u00bb<\/strong>. Representa la Virgen Mar\u00eda de los Desamparados y est\u00e1 compuesto por 15 baldosas cer\u00e1micas policromadas de 20 \u00d7 20 cm. Su estado de conservaci\u00f3n es deficiente, puesto que presenta descorchaduras y rotos pr\u00e1cticamente por toda la superficie a causa de la antig\u00fcedad, de haber sido instalado en diferentes lugares y trasladado, sufriendo alguna intervenci\u00f3n de conservaci\u00f3n poco metodol\u00f3gica, con la definitiva afecci\u00f3n producida por la ca\u00edda del inmueble y la retirada del muro donde estaba adherido por el reverso con material muy resistente y poco adecuado. El valor estimado de la pieza, teniendo en cuenta el costes y delicado proceso de recuperaci\u00f3n, es de dos mil doscientos cincuenta euros.<br \/>El resto de baldositas policromadas de los siglos XVIII-XX, pintadas a mano y con motivos florales, requieren un minucioso proceso de recuperaci\u00f3n muy delicado y costoso, por lo cual no se puede hacer una estimaci\u00f3n real de su precio. No obstante, atendido la cantidad y el valor de conjunto, se estima en quinientos euros.<\/p>\n<p style=\"text-align: center;\"><img fetchpriority=\"high\" decoding=\"async\" src=\"https:\/\/alzira.es\/wp-content\/uploads\/2021\/09\/paneles_cer\u00e1micos_museo_005A.jpg\" alt=\"paneles cer\u00e1micos museo 005A\" width=\"480\" height=\"628\" \/>&nbsp;&nbsp;<img decoding=\"async\" data-src=\"https:\/\/alzira.es\/wp-content\/uploads\/2021\/09\/paneles_cer\u00e1micos_museo_050._jpg.jpg\" alt=\"paneles cer\u00e1micos museo 050. jpg\" width=\"500\" height=\"629\" src=\"data:image\/svg+xml;base64,PHN2ZyB3aWR0aD0iMSIgaGVpZ2h0PSIxIiB4bWxucz0iaHR0cDovL3d3dy53My5vcmcvMjAwMC9zdmciPjwvc3ZnPg==\" class=\"lazyload\" style=\"--smush-placeholder-width: 500px; --smush-placeholder-aspect-ratio: 500\/629;\" \/><\/p>\n","protected":false},"excerpt":{"rendered":"<p>El pr\u00f3ximo mes de junio har\u00e1 18 a\u00f1os que se desplom\u00f3 el conocido \u00abForn de les Rajoletes\u00bb, ubicado en la antigua calle Teniente Bosc\u00e0. En el escombro del horno perdi\u00f3 la vida su propietaria y panadera Emilia Taballo. El Ayuntamiento de Alzira, desde la Concejal\u00eda de Patrimonio Cultural, ha recuperado dos plafones de gran valor &hellip; <\/p>\n<p class=\"link-more\"><a href=\"https:\/\/alzira.es\/es\/l-ajuntament-d-alzira-adquirix-dos-plafons-i-al-tres-elements-ceramics-procedents-del-forn-de-les-rajoletes\/\" class=\"more-link\">Continuar leyendo<span class=\"screen-reader-text\"> \u00abEl Ayuntamiento de Alzira adquiere dos plafones y otros elementos cer\u00e1micos procedentes del Forn de les Rajoletes\u00bb<\/span><\/a><\/p>\n","protected":false},"author":29,"featured_media":0,"comment_status":"closed","ping_status":"closed","sticky":false,"template":"","format":"standard","meta":{"_acf_changed":false,"footnotes":""},"categories":[4936],"tags":[],"class_list":["post-90230","post","type-post","status-publish","format-standard","hentry","category-hemeroteca-es"],"acf":[],"_links":{"self":[{"href":"https:\/\/alzira.es\/es\/wp-json\/wp\/v2\/posts\/90230","targetHints":{"allow":["GET"]}}],"collection":[{"href":"https:\/\/alzira.es\/es\/wp-json\/wp\/v2\/posts"}],"about":[{"href":"https:\/\/alzira.es\/es\/wp-json\/wp\/v2\/types\/post"}],"author":[{"embeddable":true,"href":"https:\/\/alzira.es\/es\/wp-json\/wp\/v2\/users\/29"}],"replies":[{"embeddable":true,"href":"https:\/\/alzira.es\/es\/wp-json\/wp\/v2\/comments?post=90230"}],"version-history":[{"count":0,"href":"https:\/\/alzira.es\/es\/wp-json\/wp\/v2\/posts\/90230\/revisions"}],"wp:attachment":[{"href":"https:\/\/alzira.es\/es\/wp-json\/wp\/v2\/media?parent=90230"}],"wp:term":[{"taxonomy":"category","embeddable":true,"href":"https:\/\/alzira.es\/es\/wp-json\/wp\/v2\/categories?post=90230"},{"taxonomy":"post_tag","embeddable":true,"href":"https:\/\/alzira.es\/es\/wp-json\/wp\/v2\/tags?post=90230"}],"curies":[{"name":"wp","href":"https:\/\/api.w.org\/{rel}","templated":true}]}}