{"id":90229,"date":"2021-05-13T12:32:41","date_gmt":"2021-05-13T10:32:41","guid":{"rendered":"https:\/\/alzira.es\/alzira-rep-de-nou-la-subvencio-del-sepe-agrari\/"},"modified":"2021-05-13T12:32:41","modified_gmt":"2021-05-13T10:32:41","slug":"alzira-rep-de-nou-la-subvencio-del-sepe-agrari","status":"publish","type":"post","link":"https:\/\/alzira.es\/es\/alzira-rep-de-nou-la-subvencio-del-sepe-agrari\/","title":{"rendered":"Alzira recibe de nuevo la subvenci\u00f3n del SEPE Agrario"},"content":{"rendered":"<p><strong>Alzira recibe una subvenci\u00f3n<\/strong> de m\u00e1s de 230.000 euros <strong>para contratar entre 50 y 60 trabajadores agrarios<\/strong> que <strong>realizar\u00e1n tareas de limpieza en el t\u00e9rmino rural<\/strong>. Las inscripciones de esta nueva convocatoria del <strong>programa<\/strong> conocido como <strong>Sepe Agrario<\/strong> se podr\u00e1n hacer <strong>a partir del pr\u00f3ximo 18 de mayo<\/strong> hasta el 26 a la Clave, pero solo con cita previa.<\/p>\n<p>Para poder ser seleccionado, ser\u00e1 imprescindible estar inscrito en Labora como parado del sistema agrario especial antes del 17 de mayo. Adem\u00e1s, segundos ha explicado la directora de Idea, <strong>Carmen Herrero<\/strong>, las personas interesadas tendr\u00e1n que acreditar, de alguna manera, su condici\u00f3n de trabajador agrario. Podr\u00e1n hacerlo mediante la presentaci\u00f3n de tres cupones agrarios pagados.<\/p>\n<p>Hasta ahora para participar, lo Labora facilitaba los listados de gente que cumpl\u00eda los requisitos y que pod\u00eda presentar la documentaci\u00f3n. Este a\u00f1o la novedad es que los interesados que cumplen los requisitos y no aparecen listados por el Labora pueden hacer una auto candidatura para poder solicitar la participaci\u00f3n.<\/p>\n<p>El Ayuntamiento de Alzira en el marco de Colaboraci\u00f3n con el Servicio P\u00fablico de Ocupaci\u00f3n Estatal (SEPE) ejecuta este programa de fomento de ocupaci\u00f3n destinada a paliar la desocupaci\u00f3n agr\u00edcola estacional con el fin de garantizar a los trabajadores desocupados del r\u00e9gimen agrario un complemento de renta.<\/p>\n<p style=\"text-align: center;\"><img fetchpriority=\"high\" decoding=\"async\" src=\"https:\/\/alzira.es\/wp-content\/uploads\/2021\/09\/185274003_4137154759649335_2368463406973469086_n.jpg\" alt=\"185274003 4137154759649335 2368463406973469086 n\" width=\"800\" height=\"566\" \/><\/p>\n","protected":false},"excerpt":{"rendered":"<p>Alzira recibe una subvenci\u00f3n de m\u00e1s de 230.000 euros para contratar entre 50 y 60 trabajadores agrarios que realizar\u00e1n tareas de limpieza en el t\u00e9rmino rural. Las inscripciones de esta nueva convocatoria del programa conocido como Sepe Agrario se podr\u00e1n hacer a partir del pr\u00f3ximo 18 de mayo hasta el 26 a la Clave, pero &hellip; <\/p>\n<p class=\"link-more\"><a href=\"https:\/\/alzira.es\/es\/alzira-rep-de-nou-la-subvencio-del-sepe-agrari\/\" class=\"more-link\">Continuar leyendo<span class=\"screen-reader-text\"> \u00abAlzira recibe de nuevo la subvenci\u00f3n del SEPE Agrario\u00bb<\/span><\/a><\/p>\n","protected":false},"author":29,"featured_media":0,"comment_status":"closed","ping_status":"closed","sticky":false,"template":"","format":"standard","meta":{"_acf_changed":false,"footnotes":""},"categories":[4936],"tags":[],"class_list":["post-90229","post","type-post","status-publish","format-standard","hentry","category-hemeroteca-es"],"acf":[],"_links":{"self":[{"href":"https:\/\/alzira.es\/es\/wp-json\/wp\/v2\/posts\/90229","targetHints":{"allow":["GET"]}}],"collection":[{"href":"https:\/\/alzira.es\/es\/wp-json\/wp\/v2\/posts"}],"about":[{"href":"https:\/\/alzira.es\/es\/wp-json\/wp\/v2\/types\/post"}],"author":[{"embeddable":true,"href":"https:\/\/alzira.es\/es\/wp-json\/wp\/v2\/users\/29"}],"replies":[{"embeddable":true,"href":"https:\/\/alzira.es\/es\/wp-json\/wp\/v2\/comments?post=90229"}],"version-history":[{"count":0,"href":"https:\/\/alzira.es\/es\/wp-json\/wp\/v2\/posts\/90229\/revisions"}],"wp:attachment":[{"href":"https:\/\/alzira.es\/es\/wp-json\/wp\/v2\/media?parent=90229"}],"wp:term":[{"taxonomy":"category","embeddable":true,"href":"https:\/\/alzira.es\/es\/wp-json\/wp\/v2\/categories?post=90229"},{"taxonomy":"post_tag","embeddable":true,"href":"https:\/\/alzira.es\/es\/wp-json\/wp\/v2\/tags?post=90229"}],"curies":[{"name":"wp","href":"https:\/\/api.w.org\/{rel}","templated":true}]}}