{"id":90228,"date":"2021-05-13T12:26:28","date_gmt":"2021-05-13T10:26:28","guid":{"rendered":"https:\/\/alzira.es\/dema-s-inaugura-series-04-a-la-casa-de-la-cultura-d-alzira\/"},"modified":"2021-05-13T12:26:28","modified_gmt":"2021-05-13T10:26:28","slug":"dema-s-inaugura-series-04-a-la-casa-de-la-cultura-d-alzira","status":"publish","type":"post","link":"https:\/\/alzira.es\/es\/dema-s-inaugura-series-04-a-la-casa-de-la-cultura-d-alzira\/","title":{"rendered":"Ma\u00f1ana se inaugura Series 04, en la Casa de la Cultura de Alzira"},"content":{"rendered":"<h3><em>\u2022 Hasta el 10 de junio se podr\u00e1 visitar esta exposici\u00f3n<\/em><\/h3>\n<p><strong>La exposici\u00f3n SERIES.04<\/strong>, recoge el trabajo de la artista londinense, Celia Kettle. Se trata de una compilaci\u00f3n de las obras producidas los \u00faltimos cinco a\u00f1os, que se estructuran en 4 series: Copas y Manos, De los Oc\u00e9anos, Mundos Cambiantes y Dear Marjorie.<\/p>\n<p>Viernes<strong> 14 de mayo<\/strong> a las <strong>18.30 horas<\/strong> tendr\u00e1 lugar el <strong>acto de inauguraci\u00f3n de esta exposici\u00f3n<\/strong> que se podr\u00e1 visitar y disfrutar hasta el pr\u00f3ximo d\u00eda 10 de junio.<\/p>\n<p>El regidor de cultura, <strong>Alfred Aranda<\/strong>, estar\u00e1 presente al acto de inauguraci\u00f3n junto al artista, la comisaria de la exposici\u00f3n y la directora de la Casa de Cultura. <em>\u00abEstamos muy satisfechos de apoyar y difusi\u00f3n a la obra de esta artista que nos muestra una gran variedad de opciones gr\u00e1ficas e im\u00e1genes muy sugerentes. Personalmente destacar\u00eda el gran dominio de las pinturas hechas o relacionadas con el agua. Unas piezas delicadas, objetos pr\u00f3ximos y c\u00edrculos muy vivos que emanan frescura, luz y fantas\u00eda.\u00bb<\/em>, ha explicado el regidor.<\/p>\n<p>La comisaria de la exposici\u00f3n, <strong>Sales Prats<\/strong>, describe su trabajo como una combinaci\u00f3n de pintura, escultura, fotograf\u00eda y video, enfoc\u00e1ndose en la importancia de los materiales y objetos para evocar un reflejo po\u00e9tico de estados emocionales.<em> \u00abuna parte importante de su proceso, consiste a explorar las calidades f\u00edsicas de los objetos reales que est\u00e1 tratando de representar\u00bb<\/em><\/p>\n<p><strong>Celia<\/strong> considera que su obra sigue el camino de <strong>Eva Hesse<\/strong>, <strong>Anselm Kiefer<\/strong> y <strong>Anish Kapoor<\/strong> el trabajo de los cuales es multidisciplinario y explora las calidades de diferentes materiales para expresar su visi\u00f3n personal y espiritual. A menudo utiliza lienzos ya usados lo cual le permite crear texturas sobre las cuales fluyen y asientan las aguadas diluidas de acuarela y acr\u00edlicos.<\/p>\n<p><span style=\"text-decoration: underline;\"><strong>series.04<\/strong><\/span><\/p>\n<p>La exposici\u00f3n que tenemos ahora al alcance muestra en primer lugar en <em><strong>\u00abCopas y Manos\u00bb<\/strong> <\/em>la necesidad de las relaciones personales; <strong>Celia Kettle<\/strong> hab\u00eda pasado un periodo de ausencia personal y creativa pero se enamor\u00f3 de nuevo y del trabajo surgi\u00f3 el gesto de una copa llenada, que cogida con las manos, haciendo una mirada a los otros para comunicarnos, inicia el principio de una historia que contar: las relaciones humanas.<\/p>\n<p>Su mundo interior, los sentimientos que entonces eran esenciales en su obra, empieza a ampliar perspectivas con la serie <em><strong>\u00abDe los Oc\u00e9anos\u00bb<\/strong><\/em>. La intensidad emocional es como el agua que se expande generosamente como oc\u00e9anos y la l\u00ednea que dibuja el borde define sus l\u00edmites y la relaci\u00f3n con el espacio circundante; un espacio lleno de incertidumbre e inestabilidad.<\/p>\n<p>En <em><strong>\u00abMundos Cambiantes\u00bb<\/strong><\/em> utiliza el c\u00edrculo de una copa que hasta ahora hab\u00eda hecho referencia al individuo social lo utiliza ahora para representar la imagen del planeta. Celia expresa su preocupaci\u00f3n por el impacto ambiental producido por el ser humano a partir de las pol\u00edticas de los EE. UU. al 2018 a Par\u00eds retirando el acuerdo clim\u00e1tico; entonces se abstrajo hacia el compromiso de expresar la desintegraci\u00f3n y como el agua, parte fundamental de los seres vivos y de su obra, podr\u00eda fluir desde la vida a la peligrosa transformaci\u00f3n de la destrucci\u00f3n.<\/p>\n<p>Con <em><strong>\u00abDear Marjorie\u00bb<\/strong><\/em> Celia nos cuenta una historia rom\u00e1ntica familiar que en el tiempo de confinamiento descubri\u00f3 al encontrarse por casa una carta que hablaba de emigraci\u00f3n hacia la otra parte del oc\u00e9ano en tiempos delicados a su pa\u00eds, de deseos dif\u00edciles , de relaciones que parecen imposibles pero que afortunadamente los a\u00f1os llevan el regalo de reencuentros. Como una narraci\u00f3n, con un lenguaje pict\u00f3rico diferente de las otras series, muestra la sensibilidad dulce del dibujo y color que recuerdan su ni\u00f1ez, los recuerdos imborrables otros tiempos.<\/p>\n<p><strong>Sales Prats Gracia<\/strong>,<em> comisaria de la exposici\u00f3n<\/em><\/p>\n<p><span style=\"text-decoration: underline;\"><strong>Celia Kettle<\/strong><\/span><\/p>\n<p>Se form\u00f3 en las Universidades de Camberwell y Middlesex. A partir de Erasmus que realiz\u00f3 en Val\u00e8ncia (1977) compagin\u00f3 su actividad entre esta ciudad y Londres. Complet\u00f3 los primeros dos a\u00f1os del doctorado del Departamento de Escultura en la Universitat Polit\u00e8cnica de Val\u00e8ncia.<\/p>\n<p>En 2018 fund\u00f3, en el barrio art\u00edstico de Russafa, el taller LandscapeStudio, que comparte con otros seis artistas. Ha realizado exposiciones colectivas en Edimburgo y la National Gallery de Londres con el concurso &#8216;Back tono the Future&#8217;. Ha sido seleccionada para participar el pr\u00f3ximo 1 de junio en la Feria de Arte &#8216;Artista 360 \u00e9&#8217; a Madrid.<\/p>\n<p>En la provincia de Val\u00e8ncia ha tenido su trayectoria expositiva: exposici\u00f3n individual en el Espacio Ronda de Val\u00e8ncia, y tambi\u00e9n ha expuesto escultura, pintura y obra gr\u00e1fica durante los festivales de arte de Russafart y Confusion en Val\u00e8ncia, adem\u00e1s de participar en la exposici\u00f3n &#8216;Y postqu\u00e9 You&#8217; celebrada en el Centro de Carme. As\u00ed mismo, ha expuesto en la Casa de la Ense\u00f1anza de Cullera y ha sido premiada por el Ayuntamiento de X\u00e0tiva en el certamen &#8216;Lugares Libres V&#8217;.<\/p>\n<p>Con la Asociaci\u00f3n Culturarte ha participado en debates para su canal en YouTube: n.\u00ba 66 &#8216;Francisco Lozano&#8217;, n.\u00ba 67 &#8216;El Arte Contempor\u00e1neo&#8217;, y n.\u00ba 68 &#8216;Rembrandt&#8217;, siente entrevistada por Ribera TV &#8216;Celia Kettle, Pintora, Escritora&#8217; (Parte 4).<\/p>\n<p>En este <span style=\"text-decoration: underline;\"><span style=\"color: #b22222;\"><strong><a href=\"https:\/\/www.youtube.com\/watch?v=PYAOA0k4oC0\" target=\"_blank\" rel=\"noopener\"><span style=\"color: #b22222; text-decoration: underline;\">enlace<\/span><\/a><\/strong><\/span><\/span> encontrar\u00e1s una entrevista con el artista<\/p>\n<p style=\"text-align: center;\"><img fetchpriority=\"high\" decoding=\"async\" src=\"https:\/\/alzira.es\/wp-content\/uploads\/2021\/09\/invitaci\u00f3_expo.jpg\" alt=\"invitaci\u00f3 expo\" width=\"787\" height=\"505\" \/><\/p>\n","protected":false},"excerpt":{"rendered":"<p>\u2022 Hasta el 10 de junio se podr\u00e1 visitar esta exposici\u00f3n La exposici\u00f3n SERIES.04, recoge el trabajo de la artista londinense, Celia Kettle. Se trata de una compilaci\u00f3n de las obras producidas los \u00faltimos cinco a\u00f1os, que se estructuran en 4 series: Copas y Manos, De los Oc\u00e9anos, Mundos Cambiantes y Dear Marjorie. Viernes 14 &hellip; <\/p>\n<p class=\"link-more\"><a href=\"https:\/\/alzira.es\/es\/dema-s-inaugura-series-04-a-la-casa-de-la-cultura-d-alzira\/\" class=\"more-link\">Continuar leyendo<span class=\"screen-reader-text\"> \u00abMa\u00f1ana se inaugura Series 04, en la Casa de la Cultura de Alzira\u00bb<\/span><\/a><\/p>\n","protected":false},"author":29,"featured_media":0,"comment_status":"closed","ping_status":"closed","sticky":false,"template":"","format":"standard","meta":{"_acf_changed":false,"footnotes":""},"categories":[4936],"tags":[],"class_list":["post-90228","post","type-post","status-publish","format-standard","hentry","category-hemeroteca-es"],"acf":[],"_links":{"self":[{"href":"https:\/\/alzira.es\/es\/wp-json\/wp\/v2\/posts\/90228","targetHints":{"allow":["GET"]}}],"collection":[{"href":"https:\/\/alzira.es\/es\/wp-json\/wp\/v2\/posts"}],"about":[{"href":"https:\/\/alzira.es\/es\/wp-json\/wp\/v2\/types\/post"}],"author":[{"embeddable":true,"href":"https:\/\/alzira.es\/es\/wp-json\/wp\/v2\/users\/29"}],"replies":[{"embeddable":true,"href":"https:\/\/alzira.es\/es\/wp-json\/wp\/v2\/comments?post=90228"}],"version-history":[{"count":0,"href":"https:\/\/alzira.es\/es\/wp-json\/wp\/v2\/posts\/90228\/revisions"}],"wp:attachment":[{"href":"https:\/\/alzira.es\/es\/wp-json\/wp\/v2\/media?parent=90228"}],"wp:term":[{"taxonomy":"category","embeddable":true,"href":"https:\/\/alzira.es\/es\/wp-json\/wp\/v2\/categories?post=90228"},{"taxonomy":"post_tag","embeddable":true,"href":"https:\/\/alzira.es\/es\/wp-json\/wp\/v2\/tags?post=90228"}],"curies":[{"name":"wp","href":"https:\/\/api.w.org\/{rel}","templated":true}]}}