{"id":90227,"date":"2021-05-13T11:28:05","date_gmt":"2021-05-13T09:28:05","guid":{"rendered":"https:\/\/alzira.es\/memorial-nacho-barbera-del-18-al-20-de-juny-en-el-camp-de-venecia\/"},"modified":"2021-05-13T11:28:05","modified_gmt":"2021-05-13T09:28:05","slug":"memorial-nacho-barbera-del-18-al-20-de-juny-en-el-camp-de-venecia","status":"publish","type":"post","link":"https:\/\/alzira.es\/es\/memorial-nacho-barbera-del-18-al-20-de-juny-en-el-camp-de-venecia\/","title":{"rendered":"Memorial Nacho Barber\u00e1 del 18 al 20 de junio en el campo de Venecia"},"content":{"rendered":"<p>El <strong>Memorial Nacho Barber\u00e1<\/strong> se celebrar\u00e1<strong> entre el 18 y el 20 de junio<\/strong> en las instalaciones del <strong>Campo Municipal de Deportes de Venecia<\/strong>, una edici\u00f3n especial por el hecho que supone dar un paso adelante despu\u00e9s de las restricciones del \u00faltimo a\u00f1o a causa de la pandemia de la COVID-19.<\/p>\n<p>A lo largo del fin de semana, se desarrollar\u00e1 el torneo con partidos de f\u00fatbol-8 y f\u00fatbol-11. La recaudaci\u00f3n del<strong> torneo ben\u00e9fico<\/strong> va <strong>destinada a la Asociaci\u00f3n Valenciana de Cardiopat\u00edas Familiares y Muerte Repentina<\/strong>.<\/p>\n<p><em>\u00abDesde la Concejal\u00eda de Deportes seguimos apoyando, un a\u00f1o m\u00e1s, el Memorial, poni\u00e9ndonos a disposici\u00f3n de los organizadores para aportar todo aquello que sea necesario para su realizaci\u00f3n\u00bb<\/em>, ha remarcado <strong>Fernando Pascual<\/strong>, regidor encargado del \u00e1rea de Deportes del Ayuntamiento de Alzira.<\/p>\n<p>El regidor, junto con el t\u00e9cnico del Departamento de Deportes, se han reunido con <strong>Fernando Barber\u00e0<\/strong>, padre de Nacho, y <strong>Juan Antonio Sanjuan<\/strong> i <strong>Rafa Asensio<\/strong>, presidente y vicepresidente de la UD Alzira, respectivamente.<\/p>\n<p>El <strong>3 de febrero de 2018<\/strong> est\u00e1 marcado en negro en el calendario deportivo alcire\u00f1o. Ese d\u00eda, <strong>la muerte repentina se llevaba al jugador<\/strong> de la UD Alzira <strong>Nacho Barber\u00e1<\/strong>, de solo 15 a\u00f1os, lo cual supuso un golpe duro para el deporte alcire\u00f1o en particular y para el deporte en general, puesto que este hecho caus\u00f3 un fuerte impacto en el \u00e1mbito nacional.<\/p>\n<p>Este hecho propici\u00f3 un clamor respecto a las revisiones m\u00e9dicas y se sucedieron las peticiones porque estas fueron m\u00e1s exhaustivas. El nacimiento del Memorial persegu\u00eda recavar fondo con los cuales ayudar a investigar respecto a la muerte repentina y concienciar la ciudadan\u00eda respecto a la necesidad de revisiones m\u00e9dicas a fondo.<\/p>\n<p style=\"text-align: center;\"><img fetchpriority=\"high\" decoding=\"async\" src=\"https:\/\/alzira.es\/wp-content\/uploads\/2021\/09\/memorial_1.jpg\" alt=\"memorial 1\" width=\"1062\" height=\"478\" \/><\/p>\n","protected":false},"excerpt":{"rendered":"<p>El Memorial Nacho Barber\u00e1 se celebrar\u00e1 entre el 18 y el 20 de junio en las instalaciones del Campo Municipal de Deportes de Venecia, una edici\u00f3n especial por el hecho que supone dar un paso adelante despu\u00e9s de las restricciones del \u00faltimo a\u00f1o a causa de la pandemia de la COVID-19. A lo largo del &hellip; <\/p>\n<p class=\"link-more\"><a href=\"https:\/\/alzira.es\/es\/memorial-nacho-barbera-del-18-al-20-de-juny-en-el-camp-de-venecia\/\" class=\"more-link\">Continuar leyendo<span class=\"screen-reader-text\"> \u00abMemorial Nacho Barber\u00e1 del 18 al 20 de junio en el campo de Venecia\u00bb<\/span><\/a><\/p>\n","protected":false},"author":29,"featured_media":0,"comment_status":"closed","ping_status":"closed","sticky":false,"template":"","format":"standard","meta":{"_acf_changed":false,"footnotes":""},"categories":[4936],"tags":[],"class_list":["post-90227","post","type-post","status-publish","format-standard","hentry","category-hemeroteca-es"],"acf":[],"_links":{"self":[{"href":"https:\/\/alzira.es\/es\/wp-json\/wp\/v2\/posts\/90227","targetHints":{"allow":["GET"]}}],"collection":[{"href":"https:\/\/alzira.es\/es\/wp-json\/wp\/v2\/posts"}],"about":[{"href":"https:\/\/alzira.es\/es\/wp-json\/wp\/v2\/types\/post"}],"author":[{"embeddable":true,"href":"https:\/\/alzira.es\/es\/wp-json\/wp\/v2\/users\/29"}],"replies":[{"embeddable":true,"href":"https:\/\/alzira.es\/es\/wp-json\/wp\/v2\/comments?post=90227"}],"version-history":[{"count":0,"href":"https:\/\/alzira.es\/es\/wp-json\/wp\/v2\/posts\/90227\/revisions"}],"wp:attachment":[{"href":"https:\/\/alzira.es\/es\/wp-json\/wp\/v2\/media?parent=90227"}],"wp:term":[{"taxonomy":"category","embeddable":true,"href":"https:\/\/alzira.es\/es\/wp-json\/wp\/v2\/categories?post=90227"},{"taxonomy":"post_tag","embeddable":true,"href":"https:\/\/alzira.es\/es\/wp-json\/wp\/v2\/tags?post=90227"}],"curies":[{"name":"wp","href":"https:\/\/api.w.org\/{rel}","templated":true}]}}