{"id":90225,"date":"2021-05-13T11:05:13","date_gmt":"2021-05-13T09:05:13","guid":{"rendered":"https:\/\/alzira.es\/alzira-per-baix-dels-20-casos-cada-100-000-habitants\/"},"modified":"2021-05-13T11:05:13","modified_gmt":"2021-05-13T09:05:13","slug":"alzira-per-baix-dels-20-casos-cada-100-000-habitants","status":"publish","type":"post","link":"https:\/\/alzira.es\/es\/alzira-per-baix-dels-20-casos-cada-100-000-habitants\/","title":{"rendered":"Alzira por bajo de los 20 casos cada 100.000 habitantes"},"content":{"rendered":"<p style=\"text-align: left;\">En la reuni\u00f3n semanal con los representantes de los diferentes municipios que integran el Departamento de Salud de la Ribera, para conocer la actualidad COVID, se ha comunicado que los \u00faltimos 7 d\u00edas, en Alzira tenemos <strong>19.70 casos cada 100.000 habitantes. En total hay 9 casos activos, 3 de ellos en los \u00faltimos 3 d\u00edas<\/strong>.<\/p>\n<p>A la reuni\u00f3n, ha asistido la regidora de Sanidad <strong>Gemma Al\u00f3s<\/strong>, quien ha explicado que<em> \u00abestos datos muestran una estabilizaci\u00f3n de la incidencia en nuestro municipio. Seguimos con cifras similares a la de la semana pasada, y nos encontramos en un nivel de alerta 0, el que se considera nueva normalidad, es decir que convivimos con el virus. Estamos cumpliendo las normas y esto se refleja en los datos\u00bb<\/em><\/p>\n<p>Desde el Ayuntamiento deseamos que las personas que sufren la enfermedad se recuperen pronto y puedan volver a la normalidad y agradecemos a toda la poblaci\u00f3n el esfuerzo por el cumplimiento de las medidas vigentes.<\/p>\n<p><span style=\"text-decoration: underline;\"><strong>VACUNACI\u00d3N<\/strong><\/span><\/p>\n<p>En cuanto a la vacunaci\u00f3n, esta semana se acaba de vacunar con la primera dosis a las personas que tienen <strong>entre 66 y 69 a\u00f1os<\/strong> y se han puesto las segundas dosis a los mayores de 70.<\/p>\n<p>La pr\u00f3xima semana, los<strong> mayores de 60<\/strong> que no est\u00e1n vacunados por cualquier motivo, tendr\u00e1n que telefonear en su centro de salud para gestionar su vacunaci\u00f3n.<\/p>\n<p>En cuanto a las personas <strong>entre 40 y 50 a\u00f1os<\/strong>, la Generalitat anunciaba ayer que ser\u00e1 a partir del 17 de junio cuando empezar\u00e1 a administrarse la vacuna y que los mayores de 50 al menos habr\u00e1n recibido una dosis antes del 15 de junio.<\/p>\n<p>La Comunidad Valenciana ha superado a estas alturas, los 2 millones de vacunas, de forma que 1 de cada 3 valencianos ha recibido al menos una.<\/p>\n<p>El <strong>calendario<\/strong> para conocer cuando est\u00e1 prevista la <strong>vacunaci\u00f3n<\/strong> en funci\u00f3n del grupo de edad se puede consultar en la <span style=\"text-decoration: underline; color: #b22222;\"><strong><a href=\"http:\/\/coronavirus.san.gva.es\/web\/vacunacion\/vacunas-por-grupos-de-edad?fbclid=IwAR15mdI06GZCNOl9KdcxjiXGQhZNskNS6_lAAY-3mPHeO185Ubxb9QZBKnQ\" target=\"_blank\" rel=\"noopener\"><span style=\"color: #b22222; text-decoration: underline;\">p\u00e1gina web<\/span><\/a><\/strong><\/span> de la Conseller\u00eda de Sanidad<\/p>\n<p>Esta informaci\u00f3n se actualizar\u00e1 semanalmente.<\/p>\n<p>Recuerda que tus <strong>datos de contacto<\/strong> tienen que estar<strong> actualizadas al<\/strong> sistema <strong>SIP<\/strong>, para que puedan ponerse en contacto contigo. Desde el departamento de Salud de la Ribera, se cita a las personas mediante su tel\u00e9fono de contacto, indicando la fecha y hora de vacunaci\u00f3n. Revisa que los datos est\u00e9n actualizados en el sistema SIP. Para poder verificar que son correctos hay que <span style=\"text-decoration: underline; color: #b22222;\"><strong><a href=\"http:\/\/www.san.gva.es\/web\/dgcal\/formulario-de-contacto\" target=\"_blank\" rel=\"noopener\"><span style=\"color: #b22222; text-decoration: underline;\">acceder aqu\u00ed<\/span><\/a><\/strong><\/span>.<\/p>\n<p>En caso de dudas sobre la vacunaci\u00f3n, se puede telefonear al 900 300 555 y si se necesita un <strong>justificante de vacunaci\u00f3n<\/strong>, se puede <strong>descargar<\/strong> en la <span style=\"text-decoration: underline;\"><span style=\"color: #b22222;\"><strong><a href=\"https:\/\/coronavirusregistro.san.gva.es\/sipcovid19\/vacunascovid?language=ca&amp;fbclid=IwAR2VToNr8X7lTrHe3FTVl45KA7OuDdxzqIrlqFJDl72zI1L_OaCwy-\" target=\"_blank\" rel=\"noopener\"><span style=\"color: #b22222; text-decoration: underline;\">web de Conseller\u00eda<\/span><\/a><\/strong><\/span><\/span><\/p>\n<p>Adem\u00e1s desde el Departamento de Salud de la Ribera, se ha lanzado una campa\u00f1a por q concienciar y decir que \u00abEste partido no acaba con el final del estado de alarma y la vacunaci\u00f3n&#8230; No te conf\u00edas\u00bb<\/p>\n<p style=\"text-align: center;\"><img fetchpriority=\"high\" decoding=\"async\" src=\"https:\/\/alzira.es\/wp-content\/uploads\/2021\/09\/cartel_no_et_confies.jpg\" alt=\"cartel no et confies\" width=\"777\" height=\"1098\" \/><\/p>\n<p class=\"MsoNormal\" style=\"text-align: justify; line-height: 150%; background: white;\"><strong style=\"mso-bidi-font-weight: normal;\"><span style=\"font-size: 11.0pt; line-height: 150%; font-family: 'Arial',sans-serif; color: #050505;\" lang=\"CA\">&nbsp;<\/span><\/strong><\/p>\n","protected":false},"excerpt":{"rendered":"<p>En la reuni\u00f3n semanal con los representantes de los diferentes municipios que integran el Departamento de Salud de la Ribera, para conocer la actualidad COVID, se ha comunicado que los \u00faltimos 7 d\u00edas, en Alzira tenemos 19.70 casos cada 100.000 habitantes. En total hay 9 casos activos, 3 de ellos en los \u00faltimos 3 d\u00edas. &hellip; <\/p>\n<p class=\"link-more\"><a href=\"https:\/\/alzira.es\/es\/alzira-per-baix-dels-20-casos-cada-100-000-habitants\/\" class=\"more-link\">Continuar leyendo<span class=\"screen-reader-text\"> \u00abAlzira por bajo de los 20 casos cada 100.000 habitantes\u00bb<\/span><\/a><\/p>\n","protected":false},"author":29,"featured_media":0,"comment_status":"closed","ping_status":"closed","sticky":false,"template":"","format":"standard","meta":{"_acf_changed":false,"footnotes":""},"categories":[4936],"tags":[],"class_list":["post-90225","post","type-post","status-publish","format-standard","hentry","category-hemeroteca-es"],"acf":[],"_links":{"self":[{"href":"https:\/\/alzira.es\/es\/wp-json\/wp\/v2\/posts\/90225","targetHints":{"allow":["GET"]}}],"collection":[{"href":"https:\/\/alzira.es\/es\/wp-json\/wp\/v2\/posts"}],"about":[{"href":"https:\/\/alzira.es\/es\/wp-json\/wp\/v2\/types\/post"}],"author":[{"embeddable":true,"href":"https:\/\/alzira.es\/es\/wp-json\/wp\/v2\/users\/29"}],"replies":[{"embeddable":true,"href":"https:\/\/alzira.es\/es\/wp-json\/wp\/v2\/comments?post=90225"}],"version-history":[{"count":0,"href":"https:\/\/alzira.es\/es\/wp-json\/wp\/v2\/posts\/90225\/revisions"}],"wp:attachment":[{"href":"https:\/\/alzira.es\/es\/wp-json\/wp\/v2\/media?parent=90225"}],"wp:term":[{"taxonomy":"category","embeddable":true,"href":"https:\/\/alzira.es\/es\/wp-json\/wp\/v2\/categories?post=90225"},{"taxonomy":"post_tag","embeddable":true,"href":"https:\/\/alzira.es\/es\/wp-json\/wp\/v2\/tags?post=90225"}],"curies":[{"name":"wp","href":"https:\/\/api.w.org\/{rel}","templated":true}]}}