{"id":90223,"date":"2021-05-13T08:07:48","date_gmt":"2021-05-13T06:07:48","guid":{"rendered":"https:\/\/alzira.es\/alzira-estara-a-la-fira-internacional-de-turisme-2021-la-qual-se-celebra-del-19-al-23-de-maig-a-madrid\/"},"modified":"2021-05-13T08:07:48","modified_gmt":"2021-05-13T06:07:48","slug":"alzira-estara-a-la-fira-internacional-de-turisme-2021-la-qual-se-celebra-del-19-al-23-de-maig-a-madrid","status":"publish","type":"post","link":"https:\/\/alzira.es\/es\/alzira-estara-a-la-fira-internacional-de-turisme-2021-la-qual-se-celebra-del-19-al-23-de-maig-a-madrid\/","title":{"rendered":"Alzira estar\u00e1 en la Feria Internacional de Turismo 2021, la cual se celebra del 19 al 23 de mayo en Madrid"},"content":{"rendered":"<p><strong>Alzira<\/strong> estar\u00e1<strong> presente<\/strong> en la edici\u00f3n de<strong> FITUR 2021<\/strong>, la cual tendr\u00e1 lugar en<strong>&nbsp;Madrid del 19 al 23 de mayo<\/strong>, una fecha inusual, puesto que siempre tiene lugar a finales de enero. Este a\u00f1o, la feria ha sufrido un desplazamiento de fecha a causa de la imposibilidad de realizarla a principios de a\u00f1o por la pandemia de la COVID-19.<\/p>\n<p>La edici\u00f3n del 2021 persigue la reactivaci\u00f3n del sector tur\u00edstico, muy castigado por las ineludibles restricciones de movilidad a escala mundial. El formato de la feria ser\u00e1 diferente del concepto de desarrollo que ha tenido hasta ahora, y la Concejal\u00eda de Turismo del Ayuntamiento de Alzira se ha adaptado a las normas y restricciones impuestas desde la organizaci\u00f3n para participar.<\/p>\n<p>Este a\u00f1o no habr\u00e1 ninguna informaci\u00f3n en formato f\u00edsico, lo cual hace que todo aquel visitante que quiera interesarse por alg\u00fan destino lo tendr\u00e1 que hacer de manera digital.<\/p>\n<p><span style=\"text-decoration: underline;\">Alzira aporta varias propuestas que podr\u00e1n ser consultadas en las pantallas t\u00e1ctiles de Val\u00e8ncia Turismo<\/span>: el<strong> libro<\/strong> de las <strong>Fallas de Alzira<\/strong>, Patrimonio Cultural Inmaterial de la Humanidad; la<strong> Semana Santa<\/strong>, de Inter\u00e9s Tur\u00edstico Nacional; las <strong>Jornadas de Exaltaci\u00f3n del Tambor y del Bombo<\/strong>, Patrimonio Cultural Inmaterial de la Humanidad; una <strong>visita virtual<\/strong> por el <strong>Museo Fallero<\/strong>; consultar la gu\u00eda ECA que recoge todos los puntos de inter\u00e9s y particularidades de nuestra ciudad, un<strong> video de<\/strong> cinco minutos donde se muestra <strong>toda la esencia patrimonial y festiva<\/strong> y, adem\u00e1s, <strong>tres fotos<\/strong> representativas de Alzira para cautivar el posible visitante: el <strong>santuario<\/strong> de la<strong> Virgen Mar\u00eda del Lluch<\/strong>, el <strong>Museo Fallero<\/strong> y el <strong>Monasterio<\/strong> de <strong>Santa Maria de la Murta<\/strong>.<\/p>\n<p>La <span style=\"text-decoration: underline;\">vertiente gastron\u00f3mica<\/span> en formato digital tambi\u00e9n estar\u00e1 presente a la edici\u00f3n del FITUR 2021. <span style=\"text-decoration: underline;\">Las propuestas de nuestra ciudad son<\/span>: la <strong>\u00abespardeny\u00e0\u00bb<\/strong> y la <strong>\u00abregany\u00e0\u00bb<\/strong>.<\/p>\n<p>Las grabaciones realizadas el pasado mes de abril por el Patronato de Turismo de la Comunidad Valenciana en la Alquer\u00eda del J\u00facar de Alzira, han contado con la presencia del prestigioso cocinero <strong>Joan Clemente<\/strong>,<em><strong> \u00abEl chef de la memoria\u00bb<\/strong><\/em>, con la colaboraci\u00f3n del restaurador alcire\u00f1o <strong>Tom\u00e1s Blay<\/strong>, para la realizaci\u00f3n de la <strong><em>\u00abespardeny\u00e0\u00bb<\/em><\/strong>, mientras que para los pasos que hay que seguir para la confecci\u00f3n de la <em><strong>\u00abregany\u00e0\u00bb<\/strong><\/em> se ha contado con la ayuda y la experiencia del panadero<strong> Francisco Bria<\/strong>.<\/p>\n<p><em>\u00abHa sido un a\u00f1o complicado, por lo cual entre todos tenemos que conseguir volver, despacio, a la normalidad y a las pautas a las cuales est\u00e1bamos habituados y, sin duda, Alzira tiene muchas cosas que aportar a todos aquellos que quieran descubrirla, tanto en su parte patrimonial como en sus partes festiva y cultural. Vivimos en una ciudad donde la actividad est\u00e1 presente los doce meses del a\u00f1o, y esto queremos hacerlo evidente en la feria de turismo m\u00e1s importante de nuestro pa\u00eds y la segunda del mundo por volumen de expositores y propuestas\u00bb<\/em>, ha se\u00f1alado <strong>Isabel Aguilar<\/strong>, regidora de Turismo y Patrimonio Cultural.<\/p>\n<p>C\u00f3mo en ediciones anteriores, la regidora entablar\u00e1 reuniones con los representantes de los varios sectores del turismo presentes en la feria.<\/p>\n<p><img fetchpriority=\"high\" decoding=\"async\" style=\"display: block; margin-left: auto; margin-right: auto;\" src=\"https:\/\/alzira.es\/wp-content\/uploads\/2021\/09\/FITUR_2021_ALZIRA.jpg\" alt=\"FITUR 2021 ALZIRA\" width=\"900\" height=\"647\" \/><\/p>\n","protected":false},"excerpt":{"rendered":"<p>Alzira estar\u00e1 presente en la edici\u00f3n de FITUR 2021, la cual tendr\u00e1 lugar en&nbsp;Madrid del 19 al 23 de mayo, una fecha inusual, puesto que siempre tiene lugar a finales de enero. Este a\u00f1o, la feria ha sufrido un desplazamiento de fecha a causa de la imposibilidad de realizarla a principios de a\u00f1o por la &hellip; <\/p>\n<p class=\"link-more\"><a href=\"https:\/\/alzira.es\/es\/alzira-estara-a-la-fira-internacional-de-turisme-2021-la-qual-se-celebra-del-19-al-23-de-maig-a-madrid\/\" class=\"more-link\">Continuar leyendo<span class=\"screen-reader-text\"> \u00abAlzira estar\u00e1 en la Feria Internacional de Turismo 2021, la cual se celebra del 19 al 23 de mayo en Madrid\u00bb<\/span><\/a><\/p>\n","protected":false},"author":29,"featured_media":0,"comment_status":"closed","ping_status":"closed","sticky":false,"template":"","format":"standard","meta":{"_acf_changed":false,"footnotes":""},"categories":[4936],"tags":[],"class_list":["post-90223","post","type-post","status-publish","format-standard","hentry","category-hemeroteca-es"],"acf":[],"_links":{"self":[{"href":"https:\/\/alzira.es\/es\/wp-json\/wp\/v2\/posts\/90223","targetHints":{"allow":["GET"]}}],"collection":[{"href":"https:\/\/alzira.es\/es\/wp-json\/wp\/v2\/posts"}],"about":[{"href":"https:\/\/alzira.es\/es\/wp-json\/wp\/v2\/types\/post"}],"author":[{"embeddable":true,"href":"https:\/\/alzira.es\/es\/wp-json\/wp\/v2\/users\/29"}],"replies":[{"embeddable":true,"href":"https:\/\/alzira.es\/es\/wp-json\/wp\/v2\/comments?post=90223"}],"version-history":[{"count":0,"href":"https:\/\/alzira.es\/es\/wp-json\/wp\/v2\/posts\/90223\/revisions"}],"wp:attachment":[{"href":"https:\/\/alzira.es\/es\/wp-json\/wp\/v2\/media?parent=90223"}],"wp:term":[{"taxonomy":"category","embeddable":true,"href":"https:\/\/alzira.es\/es\/wp-json\/wp\/v2\/categories?post=90223"},{"taxonomy":"post_tag","embeddable":true,"href":"https:\/\/alzira.es\/es\/wp-json\/wp\/v2\/tags?post=90223"}],"curies":[{"name":"wp","href":"https:\/\/api.w.org\/{rel}","templated":true}]}}