{"id":90222,"date":"2021-05-12T11:13:24","date_gmt":"2021-05-12T09:13:24","guid":{"rendered":"https:\/\/alzira.es\/la-policia-local-d-alzira-rescata-un-gos-ferit-pel-seu-amo\/"},"modified":"2021-05-12T11:13:24","modified_gmt":"2021-05-12T09:13:24","slug":"la-policia-local-d-alzira-rescata-un-gos-ferit-pel-seu-amo","status":"publish","type":"post","link":"https:\/\/alzira.es\/es\/la-policia-local-d-alzira-rescata-un-gos-ferit-pel-seu-amo\/","title":{"rendered":"La Polic\u00eda Local de Alzira rescata un perro herido por su amo"},"content":{"rendered":"<p>La pasada <strong>madrugada del martes<\/strong>, a las <strong>3 de la ma\u00f1ana<\/strong> aproximadamente, la <strong>Polic\u00eda Local<\/strong> fue alertada con motivo de llantos provocados por un perro desde el interior de una vivienda de una c\u00e9ntrica calle de Alzira.<br \/>Las patrullas comisionadas escucharon desde el exterior ladridos y gritos de dolor por el que requirieron al propietario a comprobar la situaci\u00f3n del animal.<\/p>\n<p>Finalmente, el amo accedi\u00f3 ante la advertencia de los agentes y estos encontraron al perro, de raza <strong>husky siberiano<\/strong>, <strong>malherido<\/strong> en el morro, con abundante p\u00e9rdida de sangre y dificultad para respirar. El identificado reconoci\u00f3 en el momento haberle golpeado con una pala, que fue decomisada por los actuantes.<\/p>\n<p>Desde la central de la Polic\u00eda Local se contact\u00f3 de urgencia con un veterinario de guardia, el cual valor\u00f3 su traslado en la cl\u00ednica para curarlo adecuadamente. El informe del colegiado posteriormente recogi\u00f3 que por suerte no hab\u00eda fracturas \u00f3seas.<\/p>\n<p>Por tales hechos<strong> los agentes instruyeron atestado<\/strong> para su remisi\u00f3n a los <strong>Juzgados<\/strong> <strong>de Instrucci\u00f3n de Alzira a efectos de actuar contra el presunto agresor<\/strong>. El perro ha quedado en observaci\u00f3n y bajo la tutela municipal hasta la decisi\u00f3n de la autoridad judicial.<\/p>\n<p style=\"text-align: center;\"><img fetchpriority=\"high\" decoding=\"async\" src=\"https:\/\/alzira.es\/wp-content\/uploads\/2021\/09\/perro_2.ok.jpg\" alt=\"perro 2.ok\" width=\"924\" height=\"693\" \/><\/p>\n","protected":false},"excerpt":{"rendered":"<p>La pasada madrugada del martes, a las 3 de la ma\u00f1ana aproximadamente, la Polic\u00eda Local fue alertada con motivo de llantos provocados por un perro desde el interior de una vivienda de una c\u00e9ntrica calle de Alzira.Las patrullas comisionadas escucharon desde el exterior ladridos y gritos de dolor por el que requirieron al propietario a &hellip; <\/p>\n<p class=\"link-more\"><a href=\"https:\/\/alzira.es\/es\/la-policia-local-d-alzira-rescata-un-gos-ferit-pel-seu-amo\/\" class=\"more-link\">Continuar leyendo<span class=\"screen-reader-text\"> \u00abLa Polic\u00eda Local de Alzira rescata un perro herido por su amo\u00bb<\/span><\/a><\/p>\n","protected":false},"author":29,"featured_media":0,"comment_status":"closed","ping_status":"closed","sticky":false,"template":"","format":"standard","meta":{"_acf_changed":false,"footnotes":""},"categories":[4936],"tags":[],"class_list":["post-90222","post","type-post","status-publish","format-standard","hentry","category-hemeroteca-es"],"acf":[],"_links":{"self":[{"href":"https:\/\/alzira.es\/es\/wp-json\/wp\/v2\/posts\/90222","targetHints":{"allow":["GET"]}}],"collection":[{"href":"https:\/\/alzira.es\/es\/wp-json\/wp\/v2\/posts"}],"about":[{"href":"https:\/\/alzira.es\/es\/wp-json\/wp\/v2\/types\/post"}],"author":[{"embeddable":true,"href":"https:\/\/alzira.es\/es\/wp-json\/wp\/v2\/users\/29"}],"replies":[{"embeddable":true,"href":"https:\/\/alzira.es\/es\/wp-json\/wp\/v2\/comments?post=90222"}],"version-history":[{"count":0,"href":"https:\/\/alzira.es\/es\/wp-json\/wp\/v2\/posts\/90222\/revisions"}],"wp:attachment":[{"href":"https:\/\/alzira.es\/es\/wp-json\/wp\/v2\/media?parent=90222"}],"wp:term":[{"taxonomy":"category","embeddable":true,"href":"https:\/\/alzira.es\/es\/wp-json\/wp\/v2\/categories?post=90222"},{"taxonomy":"post_tag","embeddable":true,"href":"https:\/\/alzira.es\/es\/wp-json\/wp\/v2\/tags?post=90222"}],"curies":[{"name":"wp","href":"https:\/\/api.w.org\/{rel}","templated":true}]}}