{"id":90221,"date":"2021-05-12T10:13:49","date_gmt":"2021-05-12T08:13:49","guid":{"rendered":"https:\/\/alzira.es\/dema-s-enceten-les-fumigacions-mensuals-del-mes-de-maig-contra-el-mosquit-tigre-a-alzira\/"},"modified":"2021-05-12T10:13:49","modified_gmt":"2021-05-12T08:13:49","slug":"dema-s-enceten-les-fumigacions-mensuals-del-mes-de-maig-contra-el-mosquit-tigre-a-alzira","status":"publish","type":"post","link":"https:\/\/alzira.es\/es\/dema-s-enceten-les-fumigacions-mensuals-del-mes-de-maig-contra-el-mosquit-tigre-a-alzira\/","title":{"rendered":"Ma\u00f1ana se comienzan las fumigaciones mensuales del mes de mayo contra el mosquito tigre en Alzira"},"content":{"rendered":"<h3><em>\u2022 A lo largo de tres d\u00edas se llevar\u00e1n a cabo<\/em><\/h3>\n<p><strong>Contin\u00faan los tratamientos mensuales contra el mosquito tigre<\/strong> en todos los municipios adheridos en el programa del Consorcio de la Ribera. El tratamiento empez\u00f3 a realizarse el pasado mes de abril y continuar\u00e1 hasta octubre, intensific\u00e1ndose durante los meses de verano.<\/p>\n<p>Este segundo mes de tratamiento, los operarios de la empresa Lok\u00edmica, adjudicataria del servicio, estar\u00e1n en Alzira revisando todas las alcantarillas del municipio jueves 13, viernes 14, y lunes 17. La actuaci\u00f3n consiste a comprobar las zonas de acumulaci\u00f3n de agua y revisar todas las alcantarillas para coger una muestra y en caso de encontrar larvas, aplicar el tratamiento correspondiente.<\/p>\n<p><em>\u00abLa campa\u00f1a de prevenci\u00f3n que se hizo en a\u00f1os anteriores, result\u00f3 un \u00e9xito en 2020 puesto que la presencia del mosquito fue m\u00ednima incluso en los meses de m\u00e1s calor. Este a\u00f1o el objetivo es mantener esta situaci\u00f3n y evitar la proliferaci\u00f3n del mosquito tigre. Adem\u00e1s, estamos pendientes de la autorizaci\u00f3n de la fumigaci\u00f3n a\u00e9rea en el r\u00edo contra la mosca negra, que depende de la Generalitat\u00bb<\/em>, explica la regidora de Sanidad, <strong>Gemma Al\u00f3s<\/strong>.<\/p>\n<p>Como siempre, cualquier ciudadano o ciudadana puede enviar v\u00eda correo electr\u00f3nico o mediante el buz\u00f3n ciudadano preguntas o avisos en caso de que se detecte presencia de mosquitos en un punto en concreto. Desde la concejal\u00eda de Sanidad, adem\u00e1s, se iniciar\u00e1 una campa\u00f1a informativa con consejos para evitar la reproducci\u00f3n del mosquito tigre en espacios privados. A estas alturas no se han comunicado por parte de la ciudadan\u00eda incidencias importantes, aun as\u00ed seguimos pendientes de cualquier informaci\u00f3n que pueda llegar al departamento de sanidad.<\/p>\n<p style=\"text-align: center;\"><img fetchpriority=\"high\" decoding=\"async\" src=\"https:\/\/alzira.es\/wp-content\/uploads\/2021\/09\/file1.jpeg\" alt=\"file1\" width=\"581\" height=\"436\" \/>&nbsp;<img decoding=\"async\" data-src=\"https:\/\/alzira.es\/wp-content\/uploads\/2021\/09\/file6.jpeg\" alt=\"file6\" width=\"582\" height=\"437\" src=\"data:image\/svg+xml;base64,PHN2ZyB3aWR0aD0iMSIgaGVpZ2h0PSIxIiB4bWxucz0iaHR0cDovL3d3dy53My5vcmcvMjAwMC9zdmciPjwvc3ZnPg==\" class=\"lazyload\" style=\"--smush-placeholder-width: 582px; --smush-placeholder-aspect-ratio: 582\/437;\" \/><\/p>\n","protected":false},"excerpt":{"rendered":"<p>\u2022 A lo largo de tres d\u00edas se llevar\u00e1n a cabo Contin\u00faan los tratamientos mensuales contra el mosquito tigre en todos los municipios adheridos en el programa del Consorcio de la Ribera. El tratamiento empez\u00f3 a realizarse el pasado mes de abril y continuar\u00e1 hasta octubre, intensific\u00e1ndose durante los meses de verano. Este segundo mes &hellip; <\/p>\n<p class=\"link-more\"><a href=\"https:\/\/alzira.es\/es\/dema-s-enceten-les-fumigacions-mensuals-del-mes-de-maig-contra-el-mosquit-tigre-a-alzira\/\" class=\"more-link\">Continuar leyendo<span class=\"screen-reader-text\"> \u00abMa\u00f1ana se comienzan las fumigaciones mensuales del mes de mayo contra el mosquito tigre en Alzira\u00bb<\/span><\/a><\/p>\n","protected":false},"author":29,"featured_media":0,"comment_status":"closed","ping_status":"closed","sticky":false,"template":"","format":"standard","meta":{"_acf_changed":false,"footnotes":""},"categories":[4936],"tags":[],"class_list":["post-90221","post","type-post","status-publish","format-standard","hentry","category-hemeroteca-es"],"acf":[],"_links":{"self":[{"href":"https:\/\/alzira.es\/es\/wp-json\/wp\/v2\/posts\/90221","targetHints":{"allow":["GET"]}}],"collection":[{"href":"https:\/\/alzira.es\/es\/wp-json\/wp\/v2\/posts"}],"about":[{"href":"https:\/\/alzira.es\/es\/wp-json\/wp\/v2\/types\/post"}],"author":[{"embeddable":true,"href":"https:\/\/alzira.es\/es\/wp-json\/wp\/v2\/users\/29"}],"replies":[{"embeddable":true,"href":"https:\/\/alzira.es\/es\/wp-json\/wp\/v2\/comments?post=90221"}],"version-history":[{"count":0,"href":"https:\/\/alzira.es\/es\/wp-json\/wp\/v2\/posts\/90221\/revisions"}],"wp:attachment":[{"href":"https:\/\/alzira.es\/es\/wp-json\/wp\/v2\/media?parent=90221"}],"wp:term":[{"taxonomy":"category","embeddable":true,"href":"https:\/\/alzira.es\/es\/wp-json\/wp\/v2\/categories?post=90221"},{"taxonomy":"post_tag","embeddable":true,"href":"https:\/\/alzira.es\/es\/wp-json\/wp\/v2\/tags?post=90221"}],"curies":[{"name":"wp","href":"https:\/\/api.w.org\/{rel}","templated":true}]}}