{"id":90218,"date":"2021-05-11T12:24:20","date_gmt":"2021-05-11T10:24:20","guid":{"rendered":"https:\/\/alzira.es\/alzira-enceta-la-segona-fase-del-canal-de-les-bases\/"},"modified":"2021-05-11T12:24:20","modified_gmt":"2021-05-11T10:24:20","slug":"alzira-enceta-la-segona-fase-del-canal-de-les-bases","status":"publish","type":"post","link":"https:\/\/alzira.es\/es\/alzira-enceta-la-segona-fase-del-canal-de-les-bases\/","title":{"rendered":"Alzira comienza la segunda fase del Canal de les Bases"},"content":{"rendered":"<h3><em>\u2022 La empresa Aig\u00fces de Val\u00e8ncia llevar\u00e1 a cabo las obras<\/em><br \/><em>\u2022 Supone una inversi\u00f3n de 1.3 M\u20ac<\/em><\/h3>\n<p><strong>El Ayuntamiento de Alzira iniciar\u00e1 el pr\u00f3ximo verano las obras de la segunda fase del canal interceptor de les Bases<\/strong>. Una infraestructura que completar\u00e1 el canal actual que tiene como objetivo proteger la zona este de la ciudad de las aguas que bajan de los varios barrancos de las monta\u00f1as y que van a parar al barranco de la Casella.<\/p>\n<p><em>\u00abCon las obras de la primera fase, conseguimos proteger el barrio de las Bases y con esta segunda fase, se pretende llegar a la zona de la Alquenencia, la Nueva Alzira y Venecia. El objetivo es recoger el agua de los barrancos de la zona este: barrancs Fosc, Estrelles, Maria i Gr\u00e0cia&nbsp; y el camino l&#8217;Arena&nbsp;y llevarla al canal para que no colapso de agua la ciudad, salvaguardando el vecindario, sus casas y bienes\u00bb<\/em> ha explicado el alcalde de la ciudad,<strong> Diego G\u00f3mez<\/strong>.<\/p>\n<p>Esta <strong>segunda fase<\/strong> finalmente ser\u00e1 <strong>financiada por Aig\u00fces de Val\u00e8ncia<\/strong>, la empresa suministradora del agua, en base a la tarifa de inversiones que hay en el contrato de la empresa y que permite realizar estas y otras inversiones. Fernando Pascual, regidor de servicios y obras p\u00fablicas ha sido el responsable de la negociaci\u00f3n con la empresa. <em>\u00abDel mismo modo que se hizo con las obras de P\u00e9rez Gald\u00f3s y Huerto de los Frailes, estas obras son fruto del acuerdo con Aig\u00fces de Val\u00e8ncia. Un acuerdo que se corroborar\u00e1 jueves en la comisi\u00f3n de seguimiento del contrato con esta empresa\u00bb<\/em> ha explicado el regidor de obras y servicios p\u00fablicos, <strong>Fernando Pascual<\/strong><\/p>\n<p>Las <strong>obras<\/strong>, con <strong>un coste de 1.300.000 euros<\/strong> supondr\u00e1 dar continuidad en el canal construido en la primera fase en 2018. Se construir\u00e1n ahora 720 metros m\u00e1s de canal, con una altura entre 2 y 3m que discurrir\u00e1 paralelo al camino de Pescadores y que permitir\u00e1 que se evacue m\u00e1s r\u00e1pido el agua que baja de la monta\u00f1a, puesto que podr\u00e1 asumir un capital total de 50 millones de litros, una vez conectadas las dos fases. Est\u00e1 previsto que las obras empiecen en verano y se alargar\u00e1n durante 7 o 8 meses, un plazo que est\u00e1 condicionado por los tr\u00e1mites necesarios con diferentes infraestructuras de luz y gas y expropiaciones de terrenos privados.<\/p>\n<p><em>\u00abEsta segunda fase es una obra de necesidad inminente pero hasta que se complete estamos haciendo actuaciones paliativas como la del l&#8217;hort de Galva\u00f1on o la del barranc Fosc i de les Estreles, que prevendr\u00edan la posible afecci\u00f3n de la ciudad por las lluvias torrenciales\u00bb<\/em> ha explicado la regidora de Urbanismo, <strong>Sara Gar\u00e9s<\/strong>.<\/p>\n<p>Los \u00faltimos episodios de lluvias han afectado las zonas de la Alquenencia y Venecia debido al desbordamiento del barranc Fosc, puesto que es el encargado de recoger las aguas que bajan desde la urbanizaci\u00f3n del Rinc\u00f3n, adem\u00e1s del agua que le aporta el barranc de les Estreles que recoge la proveniente de la urbanizaci\u00f3n del Respirall, produciendo la bajada de las aguas embravecidas que acaban inundando el entramado urbano. El edil ha explicado que actualmente se est\u00e1n realizando actuaciones para que los barrancs de les Estreles y el Fosc no conectan directamente con el alcantarillado de la calle Josefina Fern\u00e1ndez, uno de los puntos m\u00e1s conflictivos cada vez que se producen lluvias torrenciales en nuestra ciudad<\/p>\n<p>El hecho que Aig\u00fces de Val\u00e8ncia financie estas obras, permitir\u00e1 al Ayuntamiento pedir que la inversi\u00f3n prevista por la Conseller\u00eda en esta zona se dedique a mejorar la evacuaci\u00f3n de agua con otras infraestructuras como una balsa de laminado o un tanque de tronadas.<\/p>\n<p>El alcalde de Alzira ha recordado que esta es la segunda infraestructura que lleva a cabo este equipo de gobierno para proteger Alzira del agua, ahora bien, el objetivo final es que Confederaci\u00f3n hidrogr\u00e1fica y el Ministerio consideran prioritario la ampliaci\u00f3n de los barrancos de la Casella y Barxeta, obras que tendr\u00edan que incluirse en los presupuestos del estado o en los fondos europeos y que tendr\u00edan como objetivo proteger tanto Alzira como Carcaixent de las catastr\u00f3ficas consecuencias de las lluvias torrenciales, al lado del r\u00edo J\u00facar.<\/p>\n<p style=\"margin-left: 30px;\"><span style=\"text-decoration: underline;\"><strong>Pressupost<\/strong><\/span><\/p>\n<p style=\"margin-left: 30px;\"><strong>TOTAL: 1.376.491,54 euros<\/strong><br \/><strong>Execuci\u00f3: 1.025.792,28 euros<\/strong><br \/><strong>Assist\u00e8ncia t\u00e8cnica: 55.392,78 euros<\/strong><br \/><strong>Expropiacions: 295.306,48 euros<\/strong><\/p>\n<p style=\"margin-left: 30px; text-align: center;\"><strong><img fetchpriority=\"high\" decoding=\"async\" src=\"https:\/\/alzira.es\/wp-content\/uploads\/2021\/09\/image-11-05-21-10-56-4.jpeg\" alt=\"image-11-05-21-10-56-4\" width=\"578\" height=\"435\" \/>&nbsp;<img decoding=\"async\" data-src=\"https:\/\/alzira.es\/wp-content\/uploads\/2021\/09\/CARTEL_LES_BASSES_2.ok.jpg\" alt=\"CARTEL LES BASSES 2.ok\" width=\"617\" height=\"435\" src=\"data:image\/svg+xml;base64,PHN2ZyB3aWR0aD0iMSIgaGVpZ2h0PSIxIiB4bWxucz0iaHR0cDovL3d3dy53My5vcmcvMjAwMC9zdmciPjwvc3ZnPg==\" class=\"lazyload\" style=\"--smush-placeholder-width: 617px; --smush-placeholder-aspect-ratio: 617\/435;\" \/><\/strong><\/p>\n","protected":false},"excerpt":{"rendered":"<p>\u2022 La empresa Aig\u00fces de Val\u00e8ncia llevar\u00e1 a cabo las obras\u2022 Supone una inversi\u00f3n de 1.3 M\u20ac El Ayuntamiento de Alzira iniciar\u00e1 el pr\u00f3ximo verano las obras de la segunda fase del canal interceptor de les Bases. Una infraestructura que completar\u00e1 el canal actual que tiene como objetivo proteger la zona este de la ciudad &hellip; <\/p>\n<p class=\"link-more\"><a href=\"https:\/\/alzira.es\/es\/alzira-enceta-la-segona-fase-del-canal-de-les-bases\/\" class=\"more-link\">Continuar leyendo<span class=\"screen-reader-text\"> \u00abAlzira comienza la segunda fase del Canal de les Bases\u00bb<\/span><\/a><\/p>\n","protected":false},"author":29,"featured_media":0,"comment_status":"closed","ping_status":"closed","sticky":false,"template":"","format":"standard","meta":{"_acf_changed":false,"footnotes":""},"categories":[4936],"tags":[],"class_list":["post-90218","post","type-post","status-publish","format-standard","hentry","category-hemeroteca-es"],"acf":[],"_links":{"self":[{"href":"https:\/\/alzira.es\/es\/wp-json\/wp\/v2\/posts\/90218","targetHints":{"allow":["GET"]}}],"collection":[{"href":"https:\/\/alzira.es\/es\/wp-json\/wp\/v2\/posts"}],"about":[{"href":"https:\/\/alzira.es\/es\/wp-json\/wp\/v2\/types\/post"}],"author":[{"embeddable":true,"href":"https:\/\/alzira.es\/es\/wp-json\/wp\/v2\/users\/29"}],"replies":[{"embeddable":true,"href":"https:\/\/alzira.es\/es\/wp-json\/wp\/v2\/comments?post=90218"}],"version-history":[{"count":0,"href":"https:\/\/alzira.es\/es\/wp-json\/wp\/v2\/posts\/90218\/revisions"}],"wp:attachment":[{"href":"https:\/\/alzira.es\/es\/wp-json\/wp\/v2\/media?parent=90218"}],"wp:term":[{"taxonomy":"category","embeddable":true,"href":"https:\/\/alzira.es\/es\/wp-json\/wp\/v2\/categories?post=90218"},{"taxonomy":"post_tag","embeddable":true,"href":"https:\/\/alzira.es\/es\/wp-json\/wp\/v2\/tags?post=90218"}],"curies":[{"name":"wp","href":"https:\/\/api.w.org\/{rel}","templated":true}]}}