{"id":90217,"date":"2021-05-11T12:14:28","date_gmt":"2021-05-11T10:14:28","guid":{"rendered":"https:\/\/alzira.es\/el-camp-de-futbol-8-de-venecia-passa-a-anomenar-se-raul-albentosa\/"},"modified":"2021-05-11T12:14:28","modified_gmt":"2021-05-11T10:14:28","slug":"el-camp-de-futbol-8-de-venecia-passa-a-anomenar-se-raul-albentosa","status":"publish","type":"post","link":"https:\/\/alzira.es\/es\/el-camp-de-futbol-8-de-venecia-passa-a-anomenar-se-raul-albentosa\/","title":{"rendered":"El campo de f\u00fatbol-8 de Venecia pasa a denominarse Ra\u00fal Albentosa"},"content":{"rendered":"<p>El Ayuntamiento de Alzira, desde la <strong>Concejal\u00eda de Deportes<\/strong>, ha dado <strong>luz verde para asignar el nombre <\/strong>de<strong> \u00abCamp Ra\u00fal Albentosa\u00bb<\/strong> en el campo de f\u00fatbol-8 de c\u00e9sped natural del polideportivo de Venecia. Ser\u00e1 <strong>inaugurado el s\u00e1bado 29 de mayo<\/strong>, con un enfrentamiento entre los querubines de la U.D. Alzira y los del Ciudad de Alzira.<\/p>\n<p><em>\u00abCreemos oportuno otorgar el nombre de Ra\u00fal Albentosa en el campo de f\u00fatbol-8 para ser un destacado deportista alcire\u00f1o con una brillante trayectoria en el \u00e1mbito local, nacional e internacional\u00bb<\/em>, as\u00ed justifica la decisi\u00f3n el regidor de Deportes, <strong>Fernando Pascual<\/strong>.<\/p>\n<p>Ra\u00fal Albentosa inici\u00f3 su carrera en las categor\u00edas juveniles de la Uni\u00f3n Deportiva Alzira, pasando por la escuela del Elche CF, e iniciando su trayectoria profesional en equipos como por ejemplo el Elche, el C\u00e1diz, el Eibar, el M\u00e1laga, el Deportivo de la Coru\u00f1a, el CSKA Sofia y, en la actualidad, en las filas del Dinamo de Bucarest. Disputando, adem\u00e1s, los campeonatos de primera divisi\u00f3n en Espa\u00f1a, Bulgaria y Ruman\u00eda.<\/p>\n<p>Con esta decisi\u00f3n se persigue continuar enalteciendo las figuras destacadas que nos aporta el deporte local como agradecimiento a los profesionales que contribuyen a llevar el nombre de Alzira m\u00e1s all\u00e1 de nuestras fronteras.<\/p>\n<p style=\"text-align: center;\">&nbsp;<img fetchpriority=\"high\" decoding=\"async\" src=\"https:\/\/alzira.es\/wp-content\/uploads\/2021\/09\/camp_Ra\u00fal_Albentosa_2.jpeg\" alt=\"camp Ra\u00fal Albentosa 2\" width=\"1034\" height=\"581\" \/><\/p>\n","protected":false},"excerpt":{"rendered":"<p>El Ayuntamiento de Alzira, desde la Concejal\u00eda de Deportes, ha dado luz verde para asignar el nombre de \u00abCamp Ra\u00fal Albentosa\u00bb en el campo de f\u00fatbol-8 de c\u00e9sped natural del polideportivo de Venecia. Ser\u00e1 inaugurado el s\u00e1bado 29 de mayo, con un enfrentamiento entre los querubines de la U.D. Alzira y los del Ciudad de &hellip; <\/p>\n<p class=\"link-more\"><a href=\"https:\/\/alzira.es\/es\/el-camp-de-futbol-8-de-venecia-passa-a-anomenar-se-raul-albentosa\/\" class=\"more-link\">Continuar leyendo<span class=\"screen-reader-text\"> \u00abEl campo de f\u00fatbol-8 de Venecia pasa a denominarse Ra\u00fal Albentosa\u00bb<\/span><\/a><\/p>\n","protected":false},"author":29,"featured_media":0,"comment_status":"closed","ping_status":"closed","sticky":false,"template":"","format":"standard","meta":{"_acf_changed":false,"footnotes":""},"categories":[4936],"tags":[],"class_list":["post-90217","post","type-post","status-publish","format-standard","hentry","category-hemeroteca-es"],"acf":[],"_links":{"self":[{"href":"https:\/\/alzira.es\/es\/wp-json\/wp\/v2\/posts\/90217","targetHints":{"allow":["GET"]}}],"collection":[{"href":"https:\/\/alzira.es\/es\/wp-json\/wp\/v2\/posts"}],"about":[{"href":"https:\/\/alzira.es\/es\/wp-json\/wp\/v2\/types\/post"}],"author":[{"embeddable":true,"href":"https:\/\/alzira.es\/es\/wp-json\/wp\/v2\/users\/29"}],"replies":[{"embeddable":true,"href":"https:\/\/alzira.es\/es\/wp-json\/wp\/v2\/comments?post=90217"}],"version-history":[{"count":0,"href":"https:\/\/alzira.es\/es\/wp-json\/wp\/v2\/posts\/90217\/revisions"}],"wp:attachment":[{"href":"https:\/\/alzira.es\/es\/wp-json\/wp\/v2\/media?parent=90217"}],"wp:term":[{"taxonomy":"category","embeddable":true,"href":"https:\/\/alzira.es\/es\/wp-json\/wp\/v2\/categories?post=90217"},{"taxonomy":"post_tag","embeddable":true,"href":"https:\/\/alzira.es\/es\/wp-json\/wp\/v2\/tags?post=90217"}],"curies":[{"name":"wp","href":"https:\/\/api.w.org\/{rel}","templated":true}]}}