{"id":90215,"date":"2021-05-10T11:52:53","date_gmt":"2021-05-10T09:52:53","guid":{"rendered":"https:\/\/alzira.es\/entitats-socials-alzirenyes\/"},"modified":"2021-05-10T11:52:53","modified_gmt":"2021-05-10T09:52:53","slug":"entitats-socials-alzirenyes","status":"publish","type":"post","link":"https:\/\/alzira.es\/es\/entitats-socials-alzirenyes\/","title":{"rendered":"Hasta el 18 de mayo las entidades sociales alcire\u00f1as pueden pedir las subvenciones municipales"},"content":{"rendered":"<p style=\"text-align: justify;\">El Ayuntamiento de Alzira <strong>ha comenzado el<\/strong> <strong>proceso para la concesi\u00f3n de las subvenciones municipales a las entidades sociales<\/strong>. Estas ayudas se otorgan para apoyar en los programas de acci\u00f3n social que llevan a cabo las asociaciones sin \u00e1nimo de lucro de nuestra ciudad.<\/p>\n<p>El objetivo es fortalecer el tejido asociativo comprometido con el mantenimiento de servicios y programas de \u00e1mbito social y potenciar la red de recursos asistenciales. Las <strong>asociaciones alcire\u00f1as<\/strong> de cariz social tienen <strong>hasta<\/strong> el pr\u00f3ximo <strong>18 de mayo para presentar sus proyectos<\/strong>.<\/p>\n<p>En concreto, acceden a estas ayudas aquellas entidades que presentan proyectos relacionados con varios sectores de la poblaci\u00f3n: personas con diversidad funcional, tanto f\u00edsica, ps\u00edquica como sensorial, personas mayores y en situaci\u00f3n de dependencia, colectivos de riesgo y con problemas de exclusi\u00f3n, organizaciones y colectivos de inter\u00e9s social relacionadas con la vertebraci\u00f3n social del municipio y entidades vinculadas a la atenci\u00f3n de sector de poblaciones vulnerables.<\/p>\n<p>La regidora de pol\u00edticas inclusivas, <strong>Marina Mir<\/strong>, anima a las asociaciones a presentar sus proyectos. Adem\u00e1s ha explicado que desde el departamento de Servicios Sociales se han puesto en contacto con las entidades que pueden pedir estas ayudas para trasladarlos los plazos y requisitos para solicitarlas.<em> \u00abC\u00f3mo en otros casos informamos que se ha abierto el plazo de presentaci\u00f3n de los proyectos para poder optar a estas ayudas. En momentos tan complicados como el actual, estas subvenciones son una v\u00eda de respiro para poder continuar haciendo su tarea\u00bb<\/em>.<\/p>\n<p>El Ayuntamiento de Alzira destinar\u00e1 <strong>100.000 euros<\/strong> a sufragar estos proyectos. Las entidades demandantes de estas subvenciones tienen que tener implantaci\u00f3n a Alzira al menos en los 4 a\u00f1os previos, y en cualquier caso, las asociaciones tienen que estar registradas y reconocidas oficialmente.<\/p>\n<p style=\"text-align: center;\"><img decoding=\"async\" data-src=\"contenidos\/agenda\/2021\/05\/serveis_socials-alzira.jpeg\" alt=\"serveis socials-alzira\" src=\"data:image\/svg+xml;base64,PHN2ZyB3aWR0aD0iMSIgaGVpZ2h0PSIxIiB4bWxucz0iaHR0cDovL3d3dy53My5vcmcvMjAwMC9zdmciPjwvc3ZnPg==\" class=\"lazyload\" \/><\/p>\n","protected":false},"excerpt":{"rendered":"<p>El Ayuntamiento de Alzira ha comenzado el proceso para la concesi\u00f3n de las subvenciones municipales a las entidades sociales. Estas ayudas se otorgan para apoyar en los programas de acci\u00f3n social que llevan a cabo las asociaciones sin \u00e1nimo de lucro de nuestra ciudad. El objetivo es fortalecer el tejido asociativo comprometido con el mantenimiento &hellip; <\/p>\n<p class=\"link-more\"><a href=\"https:\/\/alzira.es\/es\/entitats-socials-alzirenyes\/\" class=\"more-link\">Continuar leyendo<span class=\"screen-reader-text\"> \u00abHasta el 18 de mayo las entidades sociales alcire\u00f1as pueden pedir las subvenciones municipales\u00bb<\/span><\/a><\/p>\n","protected":false},"author":29,"featured_media":0,"comment_status":"closed","ping_status":"closed","sticky":false,"template":"","format":"standard","meta":{"_acf_changed":false,"footnotes":""},"categories":[4936],"tags":[],"class_list":["post-90215","post","type-post","status-publish","format-standard","hentry","category-hemeroteca-es"],"acf":[],"_links":{"self":[{"href":"https:\/\/alzira.es\/es\/wp-json\/wp\/v2\/posts\/90215","targetHints":{"allow":["GET"]}}],"collection":[{"href":"https:\/\/alzira.es\/es\/wp-json\/wp\/v2\/posts"}],"about":[{"href":"https:\/\/alzira.es\/es\/wp-json\/wp\/v2\/types\/post"}],"author":[{"embeddable":true,"href":"https:\/\/alzira.es\/es\/wp-json\/wp\/v2\/users\/29"}],"replies":[{"embeddable":true,"href":"https:\/\/alzira.es\/es\/wp-json\/wp\/v2\/comments?post=90215"}],"version-history":[{"count":0,"href":"https:\/\/alzira.es\/es\/wp-json\/wp\/v2\/posts\/90215\/revisions"}],"wp:attachment":[{"href":"https:\/\/alzira.es\/es\/wp-json\/wp\/v2\/media?parent=90215"}],"wp:term":[{"taxonomy":"category","embeddable":true,"href":"https:\/\/alzira.es\/es\/wp-json\/wp\/v2\/categories?post=90215"},{"taxonomy":"post_tag","embeddable":true,"href":"https:\/\/alzira.es\/es\/wp-json\/wp\/v2\/tags?post=90215"}],"curies":[{"name":"wp","href":"https:\/\/api.w.org\/{rel}","templated":true}]}}