{"id":90214,"date":"2021-05-10T11:12:37","date_gmt":"2021-05-10T09:12:37","guid":{"rendered":"https:\/\/alzira.es\/policia-local-d-alzira\/"},"modified":"2021-05-10T11:12:37","modified_gmt":"2021-05-10T09:12:37","slug":"policia-local-d-alzira","status":"publish","type":"post","link":"https:\/\/alzira.es\/es\/policia-local-d-alzira\/","title":{"rendered":"La Polic\u00eda Local de Alzira inmoviliza 5 ciclomotores este fin de semana"},"content":{"rendered":"<h3 style=\"text-align: justify;\"><em>\u2022 Adem\u00e1s pone <strong>21 sanciones<\/strong> por <strong>incumplimiento del toque de queda<\/strong><\/em><\/h3>\n<p>A lo largo del pasado fin de semana la Polic\u00eda Local de Alzira ha inmovilizado <strong>5 ciclomotores por incumplimiento de varias normativas<\/strong>. Despu\u00e9s de comprobar su situaci\u00f3n administrativa, quedaron <strong>inmovilizados<\/strong>,<strong> tres de ellos<\/strong> han sido trasladados a las dependencias municipales por presunta alteraci\u00f3n de las caracter\u00edsticas t\u00e9cnicas para su posterior evaluaci\u00f3n en la inspecci\u00f3n t\u00e9cnica de veh\u00edculos. En el caso de los otros<strong> dos <\/strong>se<strong> instruyeron atestados<\/strong>, uno por falta del permiso de conducci\u00f3n y falta de seguro obligatorio, y el otro por falta de permiso de conducci\u00f3n, falta de ITV y por an\u00e1lisis positivo en drogas.<\/p>\n<p><em>\u00abEl objetivo de esta tarea policial es siempre que los veh\u00edculos que circulamos cumplan con la normativa para garantizar la seguridad tanto de los conductores como de los peatones\u00bb<\/em> ha explicado la regidora de seguridad <strong>Sara Gar\u00e9s<\/strong>.<\/p>\n<p>En cuanto al seguimiento de conducci\u00f3n bajo los efectos del alcohol y las drogas, <strong>dos turismos<\/strong> m\u00e1s fueron <strong>interceptados por alcoholemia positiva y positivo en drogas<\/strong>, respectivamente. En este sentido el edil ha manifestado que <em>\u00abdesgraciadamente, cada vez son m\u00e1s los resultados positivos en los controles de droga y l\u00f3gicamente desde la Polic\u00eda tenemos la responsabilidad de garantizar la seguridad de toda la ciudadan\u00eda\u00bb<\/em><\/p>\n<p>Respecto a las medidas vigentes en la lucha contra la COVID-19, se contin\u00faa con la vigilancia y comprobaci\u00f3n del cumplimiento de las normativas establecidas y de nuevo se sancion\u00f3 a <strong>21 personas por no cumplir la limitaci\u00f3n de horario,<em> \u00abtoque de queda\u00bb<\/em><\/strong>, <strong>y se identificaron a 16 menores en presuntas reuniones ilegales<\/strong>.<\/p>\n<p>Finalmente se denunci\u00f3 a un establecimiento de la Plaza Mayor por venta de alcohol a menores.<em> \u00abYa hace unas semanas se levant\u00f3 acta a varios establecimientos por el mismo motivo. No se puede seguir as\u00ed, tenemos que concienciarse todos para evitar estas conductas y desde la Polic\u00eda vamos a seguirlo de manera exhaustiva\u00bb<\/em> ha manifestado <strong>Gar\u00e9s<\/strong>.<\/p>\n<p style=\"text-align: center;\"><img decoding=\"async\" data-src=\"contenidos\/agenda\/2021\/05\/Policia_Local_dAlzira.jpg\" alt=\"Policia Local dAlzira\" src=\"data:image\/svg+xml;base64,PHN2ZyB3aWR0aD0iMSIgaGVpZ2h0PSIxIiB4bWxucz0iaHR0cDovL3d3dy53My5vcmcvMjAwMC9zdmciPjwvc3ZnPg==\" class=\"lazyload\" \/><\/p>\n","protected":false},"excerpt":{"rendered":"<p>\u2022 Adem\u00e1s pone 21 sanciones por incumplimiento del toque de queda A lo largo del pasado fin de semana la Polic\u00eda Local de Alzira ha inmovilizado 5 ciclomotores por incumplimiento de varias normativas. Despu\u00e9s de comprobar su situaci\u00f3n administrativa, quedaron inmovilizados, tres de ellos han sido trasladados a las dependencias municipales por presunta alteraci\u00f3n de &hellip; <\/p>\n<p class=\"link-more\"><a href=\"https:\/\/alzira.es\/es\/policia-local-d-alzira\/\" class=\"more-link\">Continuar leyendo<span class=\"screen-reader-text\"> \u00abLa Polic\u00eda Local de Alzira inmoviliza 5 ciclomotores este fin de semana\u00bb<\/span><\/a><\/p>\n","protected":false},"author":29,"featured_media":0,"comment_status":"closed","ping_status":"closed","sticky":false,"template":"","format":"standard","meta":{"_acf_changed":false,"footnotes":""},"categories":[4936],"tags":[],"class_list":["post-90214","post","type-post","status-publish","format-standard","hentry","category-hemeroteca-es"],"acf":[],"_links":{"self":[{"href":"https:\/\/alzira.es\/es\/wp-json\/wp\/v2\/posts\/90214","targetHints":{"allow":["GET"]}}],"collection":[{"href":"https:\/\/alzira.es\/es\/wp-json\/wp\/v2\/posts"}],"about":[{"href":"https:\/\/alzira.es\/es\/wp-json\/wp\/v2\/types\/post"}],"author":[{"embeddable":true,"href":"https:\/\/alzira.es\/es\/wp-json\/wp\/v2\/users\/29"}],"replies":[{"embeddable":true,"href":"https:\/\/alzira.es\/es\/wp-json\/wp\/v2\/comments?post=90214"}],"version-history":[{"count":0,"href":"https:\/\/alzira.es\/es\/wp-json\/wp\/v2\/posts\/90214\/revisions"}],"wp:attachment":[{"href":"https:\/\/alzira.es\/es\/wp-json\/wp\/v2\/media?parent=90214"}],"wp:term":[{"taxonomy":"category","embeddable":true,"href":"https:\/\/alzira.es\/es\/wp-json\/wp\/v2\/categories?post=90214"},{"taxonomy":"post_tag","embeddable":true,"href":"https:\/\/alzira.es\/es\/wp-json\/wp\/v2\/tags?post=90214"}],"curies":[{"name":"wp","href":"https:\/\/api.w.org\/{rel}","templated":true}]}}