{"id":90211,"date":"2021-05-10T07:20:54","date_gmt":"2021-05-10T05:20:54","guid":{"rendered":"https:\/\/alzira.es\/canvi-de-lluminaries\/"},"modified":"2021-05-10T07:20:54","modified_gmt":"2021-05-10T05:20:54","slug":"canvi-de-lluminaries","status":"publish","type":"post","link":"https:\/\/alzira.es\/es\/canvi-de-lluminaries\/","title":{"rendered":"5.500 euros anuales de ahorro supone el cambio de luminarias en dependencias municipales"},"content":{"rendered":"<p style=\"text-align: justify;\"><strong>La mejora en la eficiencia energ\u00e9tica en instalaciones municipales es uno de los objetivos de la Concejal\u00eda de Servicios Urbanos<\/strong>, por lo cual ya se han iniciado los trabajos de sustituci\u00f3n de tubos, bombillas y pantallas por otras de tecnolog\u00eda led en la Casa Consistorial, recaudaci\u00f3n, casa Tena, Archivo, IDEA y el taller de la Polic\u00eda Local, con una potencia y temperatura del color adecuadas para dar cumplimiento a las necesidades lum\u00ednicas de cada dependencia.<\/p>\n<p>Este cambio comporta un <strong>aumento del confort visual<\/strong>, con <strong>bajo nivel de deslumbramiento<\/strong> con distribuci\u00f3n uniforme de la luz; <strong>reducci\u00f3n del consumo de energ\u00eda<\/strong> y <strong>aumento de la eficacia del sistema<\/strong>; <strong>mayor vida \u00fatil<\/strong>; <strong>reducci\u00f3n de la carga t\u00e9rmica<\/strong> debido a la menor generaci\u00f3n de calor; y luz m\u00e1s agradable.<\/p>\n<p><em>\u00abGracias a una subvenci\u00f3n de m\u00e1s de 60.000 euros, a cargo del Plan Provincial de la Diputaci\u00f3n de Val\u00e8ncia, estamos procediendo al cambio de las luminarias en diversas dependencias municipales para conseguir mejorar el en torno a los trabajadores y contribuir a una disminuci\u00f3n del consumo energ\u00e9tico que supondr\u00e1 un ahorro importante en la factura de 5.500 euros anuales\u00bb<\/em>, seg\u00fan <strong>Fernando Pascual<\/strong>, regidor encargado del \u00e1rea de Servicios Urbanos.<\/p>\n<p style=\"text-align: center;\"><a class=\"jcepopup\" title=\"canvi de llumin\u00e0ries\" href=\"https:\/\/alzira.es\/wp-content\/uploads\/2021\/09\/led1.jpg\" target=\"_blank\" rel=\"noopener\"><img fetchpriority=\"high\" decoding=\"async\" src=\"https:\/\/alzira.es\/wp-content\/uploads\/2021\/09\/led1.jpg\" alt=\"canvi de llumin\u00e0ries\" width=\"400\" height=\"300\" \/><\/a>&nbsp;<a class=\"jcepopup\" style=\"text-align: center;\" title=\"canvi de llumin\u00e0ries\" type=\"image\" href=\"https:\/\/alzira.es\/wp-content\/uploads\/2021\/09\/led2.jpg\" target=\"_blank\" rel=\"noopener\"><img decoding=\"async\" data-src=\"https:\/\/alzira.es\/wp-content\/uploads\/2021\/09\/led2.jpg\" alt=\"canvi de llumin\u00e0ries\" width=\"400\" height=\"300\" src=\"data:image\/svg+xml;base64,PHN2ZyB3aWR0aD0iMSIgaGVpZ2h0PSIxIiB4bWxucz0iaHR0cDovL3d3dy53My5vcmcvMjAwMC9zdmciPjwvc3ZnPg==\" class=\"lazyload\" style=\"--smush-placeholder-width: 400px; --smush-placeholder-aspect-ratio: 400\/300;\" \/><\/a>&nbsp;<a class=\"jcepopup\" style=\"text-align: center;\" title=\"canvi de llumin\u00e0ries\" type=\"image\" href=\"https:\/\/alzira.es\/wp-content\/uploads\/2021\/09\/led3.jpg\" target=\"_blank\" rel=\"noopener\"><img decoding=\"async\" data-src=\"https:\/\/alzira.es\/wp-content\/uploads\/2021\/09\/led3.jpg\" alt=\"canvi de llumin\u00e0ries\" width=\"225\" height=\"300\" src=\"data:image\/svg+xml;base64,PHN2ZyB3aWR0aD0iMSIgaGVpZ2h0PSIxIiB4bWxucz0iaHR0cDovL3d3dy53My5vcmcvMjAwMC9zdmciPjwvc3ZnPg==\" class=\"lazyload\" style=\"--smush-placeholder-width: 225px; --smush-placeholder-aspect-ratio: 225\/300;\" \/><\/a><\/p>\n","protected":false},"excerpt":{"rendered":"<p>La mejora en la eficiencia energ\u00e9tica en instalaciones municipales es uno de los objetivos de la Concejal\u00eda de Servicios Urbanos, por lo cual ya se han iniciado los trabajos de sustituci\u00f3n de tubos, bombillas y pantallas por otras de tecnolog\u00eda led en la Casa Consistorial, recaudaci\u00f3n, casa Tena, Archivo, IDEA y el taller de la &hellip; <\/p>\n<p class=\"link-more\"><a href=\"https:\/\/alzira.es\/es\/canvi-de-lluminaries\/\" class=\"more-link\">Continuar leyendo<span class=\"screen-reader-text\"> \u00ab5.500 euros anuales de ahorro supone el cambio de luminarias en dependencias municipales\u00bb<\/span><\/a><\/p>\n","protected":false},"author":29,"featured_media":0,"comment_status":"closed","ping_status":"closed","sticky":false,"template":"","format":"standard","meta":{"_acf_changed":false,"footnotes":""},"categories":[4936],"tags":[],"class_list":["post-90211","post","type-post","status-publish","format-standard","hentry","category-hemeroteca-es"],"acf":[],"_links":{"self":[{"href":"https:\/\/alzira.es\/es\/wp-json\/wp\/v2\/posts\/90211","targetHints":{"allow":["GET"]}}],"collection":[{"href":"https:\/\/alzira.es\/es\/wp-json\/wp\/v2\/posts"}],"about":[{"href":"https:\/\/alzira.es\/es\/wp-json\/wp\/v2\/types\/post"}],"author":[{"embeddable":true,"href":"https:\/\/alzira.es\/es\/wp-json\/wp\/v2\/users\/29"}],"replies":[{"embeddable":true,"href":"https:\/\/alzira.es\/es\/wp-json\/wp\/v2\/comments?post=90211"}],"version-history":[{"count":0,"href":"https:\/\/alzira.es\/es\/wp-json\/wp\/v2\/posts\/90211\/revisions"}],"wp:attachment":[{"href":"https:\/\/alzira.es\/es\/wp-json\/wp\/v2\/media?parent=90211"}],"wp:term":[{"taxonomy":"category","embeddable":true,"href":"https:\/\/alzira.es\/es\/wp-json\/wp\/v2\/categories?post=90211"},{"taxonomy":"post_tag","embeddable":true,"href":"https:\/\/alzira.es\/es\/wp-json\/wp\/v2\/tags?post=90211"}],"curies":[{"name":"wp","href":"https:\/\/api.w.org\/{rel}","templated":true}]}}