{"id":90210,"date":"2021-05-07T11:47:19","date_gmt":"2021-05-07T09:47:19","guid":{"rendered":"https:\/\/alzira.es\/calendari-d-admissio-a-les-escoletes-municipals-d-alzira\/"},"modified":"2021-05-07T11:47:19","modified_gmt":"2021-05-07T09:47:19","slug":"calendari-d-admissio-a-les-escoletes-municipals-d-alzira","status":"publish","type":"post","link":"https:\/\/alzira.es\/es\/calendari-d-admissio-a-les-escoletes-municipals-d-alzira\/","title":{"rendered":"Calendario de admisi\u00f3n a las Escuelas Infantiles Municipales de Alzira"},"content":{"rendered":"<p>Ya est\u00e1 publicado el <strong>calendario de admisi\u00f3n del alumnado<\/strong> de las <strong>Escuelas infantiles Municipales de Alzira<\/strong>, <strong>EIMA<\/strong>. Podr\u00e1n solicitar plaza los ni\u00f1os y ni\u00f1as nacidos en 2019 y 2020.<\/p>\n<p>El plazo para hacer la <strong>solicitud<\/strong> es <strong>del 20 al 28 de mayo<\/strong>, de manera telem\u00e1tica a la sede electr\u00f3nica del ayuntamiento entrante en<span style=\"color: #b22222;\"> <\/span><span style=\"text-decoration: underline;\"><span style=\"color: #b22222;\"><a href=\"https:\/\/sedeelectronica.alzira.es\/PortalCiudadano\/info\/inicio.do?formAction=btLoad&amp;lang=ca\" target=\"_blank\" rel=\"noopener\"><span style=\"color: #b22222; text-decoration: underline;\">www.alzira.es<\/span><\/a><\/span><\/span>, administraci\u00f3n 24 h, tramita desde casa, cat\u00e1logo de tr\u00e1mites, solicitud de admisi\u00f3n. Para poder<strong> tramitar telem\u00e1ticamente<\/strong> hay que tener firma electr\u00f3nica. Tambi\u00e9n se puede hacer de <strong>manera presencial<\/strong> a la escuela infantil Llepolies en la calle Massalav\u00e9s s\/n en horario de 9 a 12 horas. Las solicitudes se podr\u00e1n descargar en <span style=\"text-decoration: underline;\"><span style=\"color: #b22222;\"><a href=\"index.php\/val\" target=\"_blank\" rel=\"noopener\"><span style=\"color: #b22222; text-decoration: underline;\">www.alzira.es<\/span><\/a><\/span><\/span>.<\/p>\n<p>El <strong>proceso de baremaci\u00f3n<\/strong> tendr\u00e1 lugar <strong>del 1 al 7 de junio<\/strong> y una vez valorado <strong>se publicar\u00e1 el listado provisional<\/strong> el <strong>9 de junio<\/strong> en el tabl\u00f3n de anuncios exterior de las tres escuelas infantiles municipales: Infants, Muntanyeta i Llepolies. Se publica la lista de admitidos y no admitidos identificando con el N\u00famero del Documento de Identidad (NIF) del tutor o tutora.<\/p>\n<p>Aquellos que tengan que presentar una <strong>reclamaci\u00f3n a las listas provisionales<\/strong>, tendr\u00e1n que hacerlo <strong>antes del 11 de junio<\/strong>, por medios electr\u00f3nicos.<\/p>\n<p>El <strong>16 de julio<\/strong> se publican las <strong>listas definitivas<\/strong> de alumnado admitido y no admitido a los tablones de anuncios de las escuelas infantiles. En el caso de alumnado no admitido, pasar\u00e1n a formar parte de la lista de espera pudiendo ocupar las vacantes que se produzcan.<\/p>\n<p>Finalmente los <strong>admitidos<\/strong> tendr\u00e1n que <strong>presentar<\/strong> el sobre de la <strong>matr\u00edcula del 24 al 30 de junio<\/strong> presencialmente en la escuela infantil Llepolies en horario de 9 a 13 horas.&nbsp;<\/p>\n<p>La solicitud del bono infantil solo es para el alumnado admitido nacido en 2020.&nbsp;Se tramita telematicamente en la web de la conseller\u00eda de Educaci\u00f3n, Cultura y Deporte.<\/p>\n<p>El alumnado admitido nacido en 2019 tiene que tramitar solo la matr\u00edcula, la escolarizaci\u00f3n est\u00e1 subvencionada al 100%.<\/p>\n<p style=\"text-align: center;\"><img fetchpriority=\"high\" decoding=\"async\" src=\"https:\/\/alzira.es\/wp-content\/uploads\/2021\/09\/clandari_escoletes_Mesa_de_trabajo_1.jpg\" alt=\"clandari escoletes Mesa de trabajo 1\" width=\"681\" height=\"951\" \/><\/p>\n<p style=\"text-align: center;\">&nbsp;<\/p>\n<p class=\"MsoNormal\" style=\"line-height: 150%; mso-layout-grid-align: none; text-autospace: none;\"><span style=\"font-size: 11.0pt; line-height: 150%; font-family: 'Arial',sans-serif; mso-ansi-language: ES;\">Es tramita telem\u00e0ticamet a la web de la conselleria d\u2019Educaci\u00f3, Cultura i Esport.<\/span><\/p>\n","protected":false},"excerpt":{"rendered":"<p>Ya est\u00e1 publicado el calendario de admisi\u00f3n del alumnado de las Escuelas infantiles Municipales de Alzira, EIMA. Podr\u00e1n solicitar plaza los ni\u00f1os y ni\u00f1as nacidos en 2019 y 2020. El plazo para hacer la solicitud es del 20 al 28 de mayo, de manera telem\u00e1tica a la sede electr\u00f3nica del ayuntamiento entrante en www.alzira.es, administraci\u00f3n &hellip; <\/p>\n<p class=\"link-more\"><a href=\"https:\/\/alzira.es\/es\/calendari-d-admissio-a-les-escoletes-municipals-d-alzira\/\" class=\"more-link\">Continuar leyendo<span class=\"screen-reader-text\"> \u00abCalendario de admisi\u00f3n a las Escuelas Infantiles Municipales de Alzira\u00bb<\/span><\/a><\/p>\n","protected":false},"author":29,"featured_media":0,"comment_status":"closed","ping_status":"closed","sticky":false,"template":"","format":"standard","meta":{"_acf_changed":false,"footnotes":""},"categories":[4936],"tags":[],"class_list":["post-90210","post","type-post","status-publish","format-standard","hentry","category-hemeroteca-es"],"acf":[],"_links":{"self":[{"href":"https:\/\/alzira.es\/es\/wp-json\/wp\/v2\/posts\/90210","targetHints":{"allow":["GET"]}}],"collection":[{"href":"https:\/\/alzira.es\/es\/wp-json\/wp\/v2\/posts"}],"about":[{"href":"https:\/\/alzira.es\/es\/wp-json\/wp\/v2\/types\/post"}],"author":[{"embeddable":true,"href":"https:\/\/alzira.es\/es\/wp-json\/wp\/v2\/users\/29"}],"replies":[{"embeddable":true,"href":"https:\/\/alzira.es\/es\/wp-json\/wp\/v2\/comments?post=90210"}],"version-history":[{"count":0,"href":"https:\/\/alzira.es\/es\/wp-json\/wp\/v2\/posts\/90210\/revisions"}],"wp:attachment":[{"href":"https:\/\/alzira.es\/es\/wp-json\/wp\/v2\/media?parent=90210"}],"wp:term":[{"taxonomy":"category","embeddable":true,"href":"https:\/\/alzira.es\/es\/wp-json\/wp\/v2\/categories?post=90210"},{"taxonomy":"post_tag","embeddable":true,"href":"https:\/\/alzira.es\/es\/wp-json\/wp\/v2\/tags?post=90210"}],"curies":[{"name":"wp","href":"https:\/\/api.w.org\/{rel}","templated":true}]}}