{"id":90204,"date":"2021-05-06T10:14:14","date_gmt":"2021-05-06T08:14:14","guid":{"rendered":"https:\/\/alzira.es\/alzira-mante-les-baixes-xifres-d-incidencia\/"},"modified":"2021-05-06T10:14:14","modified_gmt":"2021-05-06T08:14:14","slug":"alzira-mante-les-baixes-xifres-d-incidencia","status":"publish","type":"post","link":"https:\/\/alzira.es\/es\/alzira-mante-les-baixes-xifres-d-incidencia\/","title":{"rendered":"Alzira mantiene las bajas cifras de incidencia"},"content":{"rendered":"<p style=\"text-align: left;\">Como cada jueves hoy ha tenido lugar la reuni\u00f3n con los representantes de los diferentes municipios que integran el Departamento de Salud de la Ribera, para conocer la actualidad de casos de COVID y valorar las cifras aportadas por Sanidad. En los \u00faltimos 7 d\u00edas, en Alzira tenemos<strong> 22 casos cada 100.000 habitantes. En total hay 10 casos activos, 2 de ellos en los \u00faltimos 3 d\u00edas<\/strong>.<\/p>\n<p>A la reuni\u00f3n, ha asistido la regidora de Sanidad <strong>Gemma Al\u00f3s<\/strong>, quien ha explicado que <em>\u00abcontinuamos con una incidencia relativamente baja, pero hay que seguir pendientes de la evoluci\u00f3n de las cifras y seguir con el esfuerzo para poder mantenernos en esta baja incidencia. Recordamos que esta semana acaba el estado de alarma pero el virus no desaparece. Es muy importante cumplir los protocolos de manera estricta\u00bb.<\/em><\/p>\n<p>Desde el Ayuntamiento deseamos que las personas que sufren la enfermedad se recuperen pronto y puedan volver a la normalidad y agradecemos en toda la poblaci\u00f3n el esfuerzo por el cumplimiento de las medidas vigentes.<\/p>\n<p><span style=\"text-decoration: underline;\"><strong>VACUNACI\u00d3N<\/strong><\/span><\/p>\n<p>En cuanto a la vacunaci\u00f3n actualmente los mayores de 75 a\u00f1os ya est\u00e1n todos vacunados. En caso de ser de esa franja de edad y no estar vacunado hay que ponerse en contacto con el centro de salud. As\u00ed mismo, esta previsto que esta semana se vacunen todas las personas que tienen entre 70 y 74 y tambi\u00e9n se est\u00e1 citando los que tienen entre 60 y 65 y de 65 a 69<\/p>\n<p>Por otro lado a finales de mes se pondr\u00e1n en marcha los centros de vacunaci\u00f3n de cada \u00e1rea de salud. Alzira ser\u00e1 punto de vacunaci\u00f3n de Alzira, Llaur\u00ed y Corbera para mayores de 55 a\u00f1os.<\/p>\n<p>El calendario para conocer cuando est\u00e1 prevista la vacunaci\u00f3n en funci\u00f3n del grupo de edad se puedes consultar en la p\u00e1gina web de la Conseller\u00eda de <span style=\"text-decoration: underline;\"><span style=\"color: #b22222; text-decoration: underline;\">Sanidad <a href=\"http:\/\/coronavirus.san.gva.es\/web\/vacunacion\/vacunas-por-grupos-de-edad?fbclid=IwAR15mdI06GZCNOl9KdcxjiXGQhZNskNS6_lAAY-3mPHeO185Ubxb9QZBKnQ\" target=\"_blank\" rel=\"noopener\"><span style=\"color: #b22222; text-decoration: underline;\">http:\/\/coronavirus.san.gva.es\/&#8230;\/vacunas-miedo-grupos-de-edad<\/span><\/a><\/span><\/span><br \/>Esta informaci\u00f3n se actualizar\u00e1 semanalmente.<\/p>\n<p>Recuerda que tus datos de contacto tienen que estar actualizadas al sistema SIP, para que puedan ponerse en contacto contigo. Desde el departamento de Salud de la Ribera, se cita a las personas mediante su tel\u00e9fono de contacto, indicando la fecha y hora de vacunaci\u00f3n. Revisa que los datos est\u00e9n actualizados al sistema *SIP. Para poder verificar que son correctos hay que acceder aqu\u00ed: <span style=\"text-decoration: underline;\"><span style=\"color: #b22222;\"><a href=\"http:\/\/www.san.gva.es\/web\/dgcal\/formulario-de-contacto\" target=\"_blank\" rel=\"noopener\"><span style=\"color: #b22222; text-decoration: underline;\">http:\/\/www.san.gva.es\/web\/dgcal\/formulario-de-contacto<\/span><\/a><\/span><\/span><\/p>\n<p>Si, a pesar de todo aquello, todav\u00eda tienes dudas sobre la vacunaci\u00f3n, puedes telefonear al 900 300 555<\/p>\n<p>En caso de necesitar un justificante de vacunaci\u00f3n, puedes descargarlo tambi\u00e9n desde la p\u00e1gina web de Conseller\u00eda&nbsp;<span style=\"text-decoration: underline;\"><span style=\"color: #b22222;\"><a href=\"https:\/\/coronavirusregistro.san.gva.es\/sipcovid19\/vacunascovid?language=ca&amp;fbclid=IwAR2VToNr8X7lTrHe3FTVl45KA7OuDdxzqIrlqFJDl72zI1L_OaCwy-\" target=\"_blank\" rel=\"noopener\"><span style=\"color: #b22222; text-decoration: underline;\">https:\/\/coronavirusregistro.san.gva.es\/sipcovid19\/vacunascovid?language=ca&amp;fbclid=iwar2vtonr8x7ltrhe3ftvl45ka7ouddxzqirlqfjdl72zi1l_oacwy-<\/span><\/a><\/span><\/span><\/p>\n<p>Adem\u00e1s se informa que vuelve la atenci\u00f3n presencial en los centros de salud a partir del pr\u00f3ximo lunes. De forma gradual, se volver\u00e1 a las visitas con el objetivo de recuperar, cuanto antes mejor, la actividad en estos centros.<\/p>\n<p style=\"text-align: center;\"><img fetchpriority=\"high\" decoding=\"async\" src=\"https:\/\/alzira.es\/wp-content\/uploads\/2021\/09\/Covid_RRSS.jpg\" alt=\"Covid RRSS\" width=\"1062\" height=\"1062\" \/><\/p>\n","protected":false},"excerpt":{"rendered":"<p>Como cada jueves hoy ha tenido lugar la reuni\u00f3n con los representantes de los diferentes municipios que integran el Departamento de Salud de la Ribera, para conocer la actualidad de casos de COVID y valorar las cifras aportadas por Sanidad. En los \u00faltimos 7 d\u00edas, en Alzira tenemos 22 casos cada 100.000 habitantes. En total &hellip; <\/p>\n<p class=\"link-more\"><a href=\"https:\/\/alzira.es\/es\/alzira-mante-les-baixes-xifres-d-incidencia\/\" class=\"more-link\">Continuar leyendo<span class=\"screen-reader-text\"> \u00abAlzira mantiene las bajas cifras de incidencia\u00bb<\/span><\/a><\/p>\n","protected":false},"author":29,"featured_media":0,"comment_status":"closed","ping_status":"closed","sticky":false,"template":"","format":"standard","meta":{"_acf_changed":false,"footnotes":""},"categories":[4936],"tags":[],"class_list":["post-90204","post","type-post","status-publish","format-standard","hentry","category-hemeroteca-es"],"acf":[],"_links":{"self":[{"href":"https:\/\/alzira.es\/es\/wp-json\/wp\/v2\/posts\/90204","targetHints":{"allow":["GET"]}}],"collection":[{"href":"https:\/\/alzira.es\/es\/wp-json\/wp\/v2\/posts"}],"about":[{"href":"https:\/\/alzira.es\/es\/wp-json\/wp\/v2\/types\/post"}],"author":[{"embeddable":true,"href":"https:\/\/alzira.es\/es\/wp-json\/wp\/v2\/users\/29"}],"replies":[{"embeddable":true,"href":"https:\/\/alzira.es\/es\/wp-json\/wp\/v2\/comments?post=90204"}],"version-history":[{"count":0,"href":"https:\/\/alzira.es\/es\/wp-json\/wp\/v2\/posts\/90204\/revisions"}],"wp:attachment":[{"href":"https:\/\/alzira.es\/es\/wp-json\/wp\/v2\/media?parent=90204"}],"wp:term":[{"taxonomy":"category","embeddable":true,"href":"https:\/\/alzira.es\/es\/wp-json\/wp\/v2\/categories?post=90204"},{"taxonomy":"post_tag","embeddable":true,"href":"https:\/\/alzira.es\/es\/wp-json\/wp\/v2\/tags?post=90204"}],"curies":[{"name":"wp","href":"https:\/\/api.w.org\/{rel}","templated":true}]}}