{"id":90203,"date":"2021-05-06T08:17:24","date_gmt":"2021-05-06T06:17:24","guid":{"rendered":"https:\/\/alzira.es\/continua-esta-setmana-la-campanya-de-conscienciacio-amo-format-gos-educat-per-a-mantindre-alzira-neta-d-excrements\/"},"modified":"2021-05-06T08:17:24","modified_gmt":"2021-05-06T06:17:24","slug":"continua-esta-setmana-la-campanya-de-conscienciacio-amo-format-gos-educat-per-a-mantindre-alzira-neta-d-excrements","status":"publish","type":"post","link":"https:\/\/alzira.es\/es\/continua-esta-setmana-la-campanya-de-conscienciacio-amo-format-gos-educat-per-a-mantindre-alzira-neta-d-excrements\/","title":{"rendered":"Contin\u00faa esta semana la campa\u00f1a de concienciaci\u00f3n Amo formado, perro educado, para mantener Alzira limpia de excrementos"},"content":{"rendered":"<p>Desde las concejal\u00edas de <strong>Servicios Urbanos y Sanidad<\/strong>, se incide esta semana, nuevamente, en la <strong>campa\u00f1a \u00abAmo format<\/strong>,<strong> gos educat\u00bb<\/strong>.<\/p>\n<p>La campa\u00f1a persigue <strong>concienciar a los propietarios de mascotas<\/strong> de la necesidad de<strong> recoger los excrementos de la v\u00eda p\u00fablica<\/strong>, as\u00ed como<strong> colaborar en la limpieza de la or\u00e9<\/strong>, utilizando una botella con desinfectante natural, compuesto de agua y vinagre.<\/p>\n<p>La campa\u00f1a se realiz\u00f3 ayer en el mercado de los mi\u00e9rcoles, y hoy jueves las informadoras c\u00edvicas estar\u00e1n la calle Benito P\u00e9rez Gald\u00f3s.<\/p>\n<p><em>\u00abHay que ser reiterativos e incidir en la necesidad de ser conscientes a la hora de sacar a pasear el perro a la v\u00eda p\u00fablica, puesto que hay propietarios que todav\u00eda hacen caso omiso de las recomendaciones sanitarias que van en beneficio de todas y todos, por lo tanto lo primero que deben de entender es que viven en colectividad y hay que respetar unas m\u00ednimas normas de convivencia\u00bb<\/em>, seg\u00fan el regidor de Servicios Urbanos, <strong>Fernando Pascual<\/strong>.<\/p>\n<p>Por su parte, <strong>Gemma Al\u00f3s<\/strong>, regidora de Sanidad, recuerda, una vez m\u00e1s, que hay <em>que cumplir con la ordenanza municipal de la tenencia de mascotas y evitar la suciedad en los casco urbano. Las calles y plazas son peatonales y deben de estar en perfecto estado de salubridad\u00bb<\/em><\/p>\n<p>La regidora recuerda que <em>\u00abLa ciudad de Alzira cuenta con varios recintos caninos que hay que utilizar, porque por eso se han creado , y nunca tenemos que olvidar que las personas somos los responsables de nuestras mascotas\u00bb.<\/em><\/p>\n<p style=\"text-align: center;\"><img fetchpriority=\"high\" decoding=\"async\" src=\"https:\/\/alzira.es\/wp-content\/uploads\/2021\/09\/gossos_3.jpg\" alt=\"gossos 3\" width=\"571\" height=\"331\" \/>&nbsp;<img decoding=\"async\" data-src=\"https:\/\/alzira.es\/wp-content\/uploads\/2021\/09\/gossos_1.jpg\" alt=\"gossos 1\" width=\"633\" height=\"330\" src=\"data:image\/svg+xml;base64,PHN2ZyB3aWR0aD0iMSIgaGVpZ2h0PSIxIiB4bWxucz0iaHR0cDovL3d3dy53My5vcmcvMjAwMC9zdmciPjwvc3ZnPg==\" class=\"lazyload\" style=\"--smush-placeholder-width: 633px; --smush-placeholder-aspect-ratio: 633\/330;\" \/><\/p>\n","protected":false},"excerpt":{"rendered":"<p>Desde las concejal\u00edas de Servicios Urbanos y Sanidad, se incide esta semana, nuevamente, en la campa\u00f1a \u00abAmo format, gos educat\u00bb. La campa\u00f1a persigue concienciar a los propietarios de mascotas de la necesidad de recoger los excrementos de la v\u00eda p\u00fablica, as\u00ed como colaborar en la limpieza de la or\u00e9, utilizando una botella con desinfectante natural, &hellip; <\/p>\n<p class=\"link-more\"><a href=\"https:\/\/alzira.es\/es\/continua-esta-setmana-la-campanya-de-conscienciacio-amo-format-gos-educat-per-a-mantindre-alzira-neta-d-excrements\/\" class=\"more-link\">Continuar leyendo<span class=\"screen-reader-text\"> \u00abContin\u00faa esta semana la campa\u00f1a de concienciaci\u00f3n Amo formado, perro educado, para mantener Alzira limpia de excrementos\u00bb<\/span><\/a><\/p>\n","protected":false},"author":29,"featured_media":0,"comment_status":"closed","ping_status":"closed","sticky":false,"template":"","format":"standard","meta":{"_acf_changed":false,"footnotes":""},"categories":[4936],"tags":[],"class_list":["post-90203","post","type-post","status-publish","format-standard","hentry","category-hemeroteca-es"],"acf":[],"_links":{"self":[{"href":"https:\/\/alzira.es\/es\/wp-json\/wp\/v2\/posts\/90203","targetHints":{"allow":["GET"]}}],"collection":[{"href":"https:\/\/alzira.es\/es\/wp-json\/wp\/v2\/posts"}],"about":[{"href":"https:\/\/alzira.es\/es\/wp-json\/wp\/v2\/types\/post"}],"author":[{"embeddable":true,"href":"https:\/\/alzira.es\/es\/wp-json\/wp\/v2\/users\/29"}],"replies":[{"embeddable":true,"href":"https:\/\/alzira.es\/es\/wp-json\/wp\/v2\/comments?post=90203"}],"version-history":[{"count":0,"href":"https:\/\/alzira.es\/es\/wp-json\/wp\/v2\/posts\/90203\/revisions"}],"wp:attachment":[{"href":"https:\/\/alzira.es\/es\/wp-json\/wp\/v2\/media?parent=90203"}],"wp:term":[{"taxonomy":"category","embeddable":true,"href":"https:\/\/alzira.es\/es\/wp-json\/wp\/v2\/categories?post=90203"},{"taxonomy":"post_tag","embeddable":true,"href":"https:\/\/alzira.es\/es\/wp-json\/wp\/v2\/tags?post=90203"}],"curies":[{"name":"wp","href":"https:\/\/api.w.org\/{rel}","templated":true}]}}