{"id":90202,"date":"2021-05-06T07:54:30","date_gmt":"2021-05-06T05:54:30","guid":{"rendered":"https:\/\/alzira.es\/alzira-demana-a-la-delegacio-del-govern-que-mitjance-en-la-condonacio-dels-prestecs-de-la-pantanada\/"},"modified":"2021-05-06T07:54:30","modified_gmt":"2021-05-06T05:54:30","slug":"alzira-demana-a-la-delegacio-del-govern-que-mitjance-en-la-condonacio-dels-prestecs-de-la-pantanada","status":"publish","type":"post","link":"https:\/\/alzira.es\/es\/alzira-demana-a-la-delegacio-del-govern-que-mitjance-en-la-condonacio-dels-prestecs-de-la-pantanada\/","title":{"rendered":"Alzira pide a la Delegaci\u00f3n del Gobierno que intermedie en la condonaci\u00f3n de los pr\u00e9stamos de la \u00abpantanada\u00bb"},"content":{"rendered":"<h3><em>\u2022 Se ha solicitado una reuni\u00f3n con la Confederaci\u00f3n para dar soluci\u00f3n a los barrancos de Alzira<\/em><\/h3>\n<p>El alcalde de Alzira, <strong>Diego G\u00f3mez<\/strong>, y el regidor de Servicios y Obras P\u00fablicas,<strong> Fernando Pascual<\/strong>, se han reunido esta ma\u00f1ana con la delegada del Gobierno en la Comunidad Valenciana, <strong>Gloria Calero<\/strong>, porque ambas administraciones trabajan conjuntamente para que el Instituto de Cr\u00e9dito Oficial (ICO) archivo las reclamaciones de los pr\u00e9stamos de la <em>pantanada<\/em> del 1982. Adem\u00e1s en la reuni\u00f3n, se han expuesto cuestiones relacionadas con la inundabilidad, como tambi\u00e9n opciones para mejorar la situaci\u00f3n de los barrancos de Alzira para evitar posibles inundaciones.<\/p>\n<p>El regidor, <strong>Fernando Pascual<\/strong>, ha explicado a la delegada del Gobierno que la petici\u00f3n de archivo de las reclamaciones de los pr\u00e9stamos del ICO viene dada por la aprobaci\u00f3n de una moci\u00f3n de todos los grupos pol\u00edticos municipales del Ayuntamiento de Alzira, en la cual se solicitaba la mediaci\u00f3n de la Delegaci\u00f3n de Gobierno de la Comunidad Valenciana para solucionar un problema que lleva enquistado treinta y nueve a\u00f1os. La delegada del Gobierno se ha comprometido a recoger la informaci\u00f3n sobre las personas que puedan estar afectadas para hacer las gestiones necesarias ante el ICO.<\/p>\n<p>En cuanto a la situaci\u00f3n de los barrancos de Alzira, el alcalde ha puesto en antecedentes a la delegada del Gobierno sobre las complicaciones con los barrancos de la ciudad en los \u00faltimos episodios de fuertes lluvias, y sobre la inversi\u00f3n que est\u00e1 haciendo el Ayuntamiento con el canal interceptor de las Balsas y otras actuaciones. Aun as\u00ed, ha puesto de relieve que son intervenciones que tendr\u00edan que venir complementadas por actuaciones que puedan dar una soluci\u00f3n definitiva a las barrancadas. Esto supone la implicaci\u00f3n de la Confederaci\u00f3n Hidrogr\u00e1fica del J\u00facar (CHX), que es la competente para actuar en los barrancos.<\/p>\n<p>La delegada del Gobierno ha puesto de manifiesto que solucionar los problemas de inundaci\u00f3n que tienen diferentes localidades de la Comunidad Valenciana es una prioridad para ella, cuesti\u00f3n que ya ha trasladado al nuevo comisario de la CHX y a la misma ministra de Transici\u00f3n Ecol\u00f3gica en una reuni\u00f3n reciente que mantuvo con ella.<\/p>\n<p>Se ha acordado fijar una reuni\u00f3n del Ayuntamiento de Alzira, la Delegaci\u00f3n del Gobierno y la CHX para estudiar la zona, el que contempla el Plan Hidrol\u00f3gico de la cuenca del J\u00facar y si se pueden aprovechar los Fondos Europeos para financiar los trabajos que se puedan hacer.<\/p>\n<p>El alcalde, <strong>Diego G\u00f3mez<\/strong>, ha agradecido el inter\u00e9s y el compromiso que ha mostrado la delegada del Gobierno: <em>\u00aben primer lugar, porque las personas de Alzira que puedan estar afectadas por las reclamaciones del ICO no se vean m\u00e1s perjudicadas y, en segundo lugar, para dar una soluci\u00f3n definitiva a los barrancos de Alzira, m\u00e1s concretamente los de la Casella, Vilella y Estrecho, para evitar las situaciones que hemos sufrido \u00faltimamente\u00bb<\/em>.<\/p>\n<p style=\"text-align: center;\"><img fetchpriority=\"high\" decoding=\"async\" src=\"https:\/\/alzira.es\/wp-content\/uploads\/2021\/09\/reunio_delegacio_baixa.jpeg\" alt=\"reunio delegacio baixa\" width=\"920\" height=\"690\" \/><\/p>\n","protected":false},"excerpt":{"rendered":"<p>\u2022 Se ha solicitado una reuni\u00f3n con la Confederaci\u00f3n para dar soluci\u00f3n a los barrancos de Alzira El alcalde de Alzira, Diego G\u00f3mez, y el regidor de Servicios y Obras P\u00fablicas, Fernando Pascual, se han reunido esta ma\u00f1ana con la delegada del Gobierno en la Comunidad Valenciana, Gloria Calero, porque ambas administraciones trabajan conjuntamente para &hellip; <\/p>\n<p class=\"link-more\"><a href=\"https:\/\/alzira.es\/es\/alzira-demana-a-la-delegacio-del-govern-que-mitjance-en-la-condonacio-dels-prestecs-de-la-pantanada\/\" class=\"more-link\">Continuar leyendo<span class=\"screen-reader-text\"> \u00abAlzira pide a la Delegaci\u00f3n del Gobierno que intermedie en la condonaci\u00f3n de los pr\u00e9stamos de la \u00abpantanada\u00bb\u00bb<\/span><\/a><\/p>\n","protected":false},"author":29,"featured_media":0,"comment_status":"closed","ping_status":"closed","sticky":false,"template":"","format":"standard","meta":{"_acf_changed":false,"footnotes":""},"categories":[4936],"tags":[],"class_list":["post-90202","post","type-post","status-publish","format-standard","hentry","category-hemeroteca-es"],"acf":[],"_links":{"self":[{"href":"https:\/\/alzira.es\/es\/wp-json\/wp\/v2\/posts\/90202","targetHints":{"allow":["GET"]}}],"collection":[{"href":"https:\/\/alzira.es\/es\/wp-json\/wp\/v2\/posts"}],"about":[{"href":"https:\/\/alzira.es\/es\/wp-json\/wp\/v2\/types\/post"}],"author":[{"embeddable":true,"href":"https:\/\/alzira.es\/es\/wp-json\/wp\/v2\/users\/29"}],"replies":[{"embeddable":true,"href":"https:\/\/alzira.es\/es\/wp-json\/wp\/v2\/comments?post=90202"}],"version-history":[{"count":0,"href":"https:\/\/alzira.es\/es\/wp-json\/wp\/v2\/posts\/90202\/revisions"}],"wp:attachment":[{"href":"https:\/\/alzira.es\/es\/wp-json\/wp\/v2\/media?parent=90202"}],"wp:term":[{"taxonomy":"category","embeddable":true,"href":"https:\/\/alzira.es\/es\/wp-json\/wp\/v2\/categories?post=90202"},{"taxonomy":"post_tag","embeddable":true,"href":"https:\/\/alzira.es\/es\/wp-json\/wp\/v2\/tags?post=90202"}],"curies":[{"name":"wp","href":"https:\/\/api.w.org\/{rel}","templated":true}]}}