{"id":90200,"date":"2021-05-05T12:29:07","date_gmt":"2021-05-05T10:29:07","guid":{"rendered":"https:\/\/alzira.es\/el-cementeri-municipal-d-alzira-ha-sigut-l-escenari-de-l-acte-d-homenatge-als-alzirenys-afusellats-a-paterna\/"},"modified":"2021-05-05T12:29:07","modified_gmt":"2021-05-05T10:29:07","slug":"el-cementeri-municipal-d-alzira-ha-sigut-l-escenari-de-l-acte-d-homenatge-als-alzirenys-afusellats-a-paterna","status":"publish","type":"post","link":"https:\/\/alzira.es\/es\/el-cementeri-municipal-d-alzira-ha-sigut-l-escenari-de-l-acte-d-homenatge-als-alzirenys-afusellats-a-paterna\/","title":{"rendered":"El cementerio municipal de Alzira ha sido el escenario del acto de homenaje a los alcire\u00f1os fusilados en Paterna"},"content":{"rendered":"<p>Los <strong>treinta y tres alcire\u00f1os fusilados en Paterna<\/strong> han recibido un emotivo <strong>homenaje en el cementerio municipal<\/strong>. El acto ha consistido en unas breves intervenciones por parte de las autoridades locales, tanto del alcalde<strong> Diego G\u00f3mez<\/strong> como de la regidora delegada de Memoria Democr\u00e1tica,<strong> Isabel Aguilar<\/strong>, como tambi\u00e9n ha habido m\u00fasica de cuerda en directo a cargo de Archi y la inauguraci\u00f3n de un monolito que tiene la inscripci\u00f3n de los nombres de los alcire\u00f1os fusilados en Paterna, los cuerpos de los cuales fueron recuperados de la fosa com\u00fan del cementerio de esta localidad valenciana. La Concejal\u00eda de Servicios Urbanos ha sido la encargada de ubicar el monolito a los pies del monumento a los ca\u00eddos al cementerio de Alzira.<\/p>\n<p><em>\u00abCon esta acci\u00f3n el Ayuntamiento de Alzira, desde la delegaci\u00f3n de Memoria Democr\u00e1tica, quiere rendir un nuevo recuerdo a las v\u00edctimas de la Guerra Civil y la dictadura para mantener viva su memoria y reivindicar los valores democr\u00e1ticos y la lucha del pueblo valenciano por sus libertades\u00bb<\/em>, ha manifestado la regidora delegada, <strong>Isabel Aguilar<\/strong>.<\/p>\n<p>La Guerra Civil espa\u00f1ola, ganada militarmente por los golpistas a la democracia republicana, abri\u00f3 un largo periodo de persecuci\u00f3n y represi\u00f3n a todos quienes asentaban su predicamento y sus convicciones en la convivencia social democr\u00e1tica.<\/p>\n<p>Las v\u00edctimas fueron aquellas personas, con nombre y apellidos, que vivieron con normalidad la Segunda Rep\u00fablica: trabajando o estudiante; afili\u00e1ndose a los sindicatos libres; participando en la vida pol\u00edtica, como elector o como elegible; asoci\u00e1ndose voluntariamente a la formaci\u00f3n con la cual se identificaba; adquiriendo la prensa o escuchando la radio para estar informado; uniendo su vida en matrimonio, o desuni\u00e9ndose, siguiendo la normativa civil.<\/p>\n<p>Las v\u00edctimas fueron personas corrientes, de derechas o de izquierdas, dem\u00f3cratas, que fueron consideradas como \u00abrojos peligrosos\u00bb y, por auxilio a la rebeli\u00f3n militar, se los priv\u00f3 de su posici\u00f3n social, de sus trabajos, de su idioma y de su cultura, de sus propiedades y, incluso, de su vida.<\/p>\n<p>Al homenaje a los alcire\u00f1os y las alcire\u00f1as fusilados en Paterna han asistido los familiares de algunas de las v\u00edctimas, como por ejemplo: <strong>Antonia Cerd\u00e0<\/strong>, <strong>Ricardo Espa\u00f1a<\/strong>, <strong>Jos\u00e9 Gonz\u00e1lez<\/strong>, <strong>Enrique Sala<\/strong>,<strong> Vicente Sala i Fernando Tar\u00edn<\/strong>. En nombre de todas las v\u00edctimas, <strong>Nuria Cubero<\/strong>, nieta de <strong>Antonia Cerd\u00e0<\/strong>, ha dirigido unas palabras. Tambi\u00e9n ha estado presente <strong>Ramiro Rivera<\/strong>, diputado de Memoria Democr\u00e1tica y <strong>Mat\u00edas Alonso<\/strong>, presidente del grupo para la recuperaci\u00f3n de la memoria hist\u00f3rica de la comunidad valenciana.<\/p>\n<p style=\"text-align: center;\"><img fetchpriority=\"high\" decoding=\"async\" src=\"https:\/\/alzira.es\/wp-content\/uploads\/2021\/09\/cementeri_1.ok.jpg\" alt=\"cementeri 1.ok\" width=\"1127\" height=\"507\" \/><\/p>\n<p style=\"text-align: center;\"><img decoding=\"async\" data-src=\"https:\/\/alzira.es\/wp-content\/uploads\/2021\/09\/cementeri_5.ok.jpg\" alt=\"cementeri 5.ok\" width=\"1126\" height=\"507\" src=\"data:image\/svg+xml;base64,PHN2ZyB3aWR0aD0iMSIgaGVpZ2h0PSIxIiB4bWxucz0iaHR0cDovL3d3dy53My5vcmcvMjAwMC9zdmciPjwvc3ZnPg==\" class=\"lazyload\" style=\"--smush-placeholder-width: 1126px; --smush-placeholder-aspect-ratio: 1126\/507;\" \/><\/p>\n<p style=\"text-align: center;\">&nbsp;<\/p>\n<p>&nbsp;<\/p>\n","protected":false},"excerpt":{"rendered":"<p>Los treinta y tres alcire\u00f1os fusilados en Paterna han recibido un emotivo homenaje en el cementerio municipal. El acto ha consistido en unas breves intervenciones por parte de las autoridades locales, tanto del alcalde Diego G\u00f3mez como de la regidora delegada de Memoria Democr\u00e1tica, Isabel Aguilar, como tambi\u00e9n ha habido m\u00fasica de cuerda en directo &hellip; <\/p>\n<p class=\"link-more\"><a href=\"https:\/\/alzira.es\/es\/el-cementeri-municipal-d-alzira-ha-sigut-l-escenari-de-l-acte-d-homenatge-als-alzirenys-afusellats-a-paterna\/\" class=\"more-link\">Continuar leyendo<span class=\"screen-reader-text\"> \u00abEl cementerio municipal de Alzira ha sido el escenario del acto de homenaje a los alcire\u00f1os fusilados en Paterna\u00bb<\/span><\/a><\/p>\n","protected":false},"author":29,"featured_media":0,"comment_status":"closed","ping_status":"closed","sticky":false,"template":"","format":"standard","meta":{"_acf_changed":false,"footnotes":""},"categories":[4936],"tags":[],"class_list":["post-90200","post","type-post","status-publish","format-standard","hentry","category-hemeroteca-es"],"acf":[],"_links":{"self":[{"href":"https:\/\/alzira.es\/es\/wp-json\/wp\/v2\/posts\/90200","targetHints":{"allow":["GET"]}}],"collection":[{"href":"https:\/\/alzira.es\/es\/wp-json\/wp\/v2\/posts"}],"about":[{"href":"https:\/\/alzira.es\/es\/wp-json\/wp\/v2\/types\/post"}],"author":[{"embeddable":true,"href":"https:\/\/alzira.es\/es\/wp-json\/wp\/v2\/users\/29"}],"replies":[{"embeddable":true,"href":"https:\/\/alzira.es\/es\/wp-json\/wp\/v2\/comments?post=90200"}],"version-history":[{"count":0,"href":"https:\/\/alzira.es\/es\/wp-json\/wp\/v2\/posts\/90200\/revisions"}],"wp:attachment":[{"href":"https:\/\/alzira.es\/es\/wp-json\/wp\/v2\/media?parent=90200"}],"wp:term":[{"taxonomy":"category","embeddable":true,"href":"https:\/\/alzira.es\/es\/wp-json\/wp\/v2\/categories?post=90200"},{"taxonomy":"post_tag","embeddable":true,"href":"https:\/\/alzira.es\/es\/wp-json\/wp\/v2\/tags?post=90200"}],"curies":[{"name":"wp","href":"https:\/\/api.w.org\/{rel}","templated":true}]}}