{"id":90199,"date":"2021-05-05T11:46:52","date_gmt":"2021-05-05T09:46:52","guid":{"rendered":"https:\/\/alzira.es\/el-nan-fest-2021-es-trasllada-al-ceip-ausias-march\/"},"modified":"2021-05-05T11:46:52","modified_gmt":"2021-05-05T09:46:52","slug":"el-nan-fest-2021-es-trasllada-al-ceip-ausias-march","status":"publish","type":"post","link":"https:\/\/alzira.es\/es\/el-nan-fest-2021-es-trasllada-al-ceip-ausias-march\/","title":{"rendered":"El Nan@fest 2021 se traslada al CEIP Ausi\u00e0s March"},"content":{"rendered":"<h3 class=\"Textoindependiente21\" style=\"margin-left: 36pt; text-indent: -18pt; line-height: 150%;\"><em>\u2022 <strong>S\u00e1bado 15 de mayo<\/strong>, en sesi\u00f3n por la ma\u00f1ana y tarde<\/em><\/h3>\n<h3 class=\"Textoindependiente21\" style=\"margin-left: 36pt; text-indent: -18pt; line-height: 150%;\"><em>\u2022 <strong>Aforo limitado<\/strong><\/em><\/h3>\n<h3 class=\"Textoindependiente21\" style=\"margin-left: 36pt; text-indent: -18pt; line-height: 150%;\"><em>\u2022 <strong>Entrada con invitaci\u00f3n<\/strong><\/em><\/h3>\n<p>Llega una nueva edici\u00f3n del <strong>Nan@fest 2021<\/strong>, el pr\u00f3ximo <strong>s\u00e1bado<\/strong>,<strong> 15 de mayo de 2021<\/strong>. Se trata de una edici\u00f3n especial donde el festival de M\u00fasica para las familias se traslada al patio de la escuela p\u00fablica Ausi\u00e0s March.<\/p>\n<p>El aforo es limitado debido a las medidas sanitarias vigentes, por eso habr\u00e1 que entrar con invitaci\u00f3n a la <span style=\"text-decoration: underline;\"><em>sesi\u00f3n de la ma\u00f1ana<\/em><\/span> de <strong>10 a 13.30 horas<\/strong> o a la por la <span style=\"text-decoration: underline;\"><em>tarde de<\/em><\/span> <strong>16 a 19.30 horas<\/strong>.<\/p>\n<p><span style=\"text-decoration: underline;\">Se librar\u00e1 un m\u00e1ximo de<strong> 4 invitaciones por persona<\/strong>, que se pueden <strong>recoger en<\/strong><\/span>:<\/p>\n<p style=\"margin-left: 30px;\">\u2022 <strong>Taquilla del Gran Teatro<\/strong>, los martes y jueves de 19.30 a 21 horas a partir del jueves 6 de mayo.<br \/>\u2022 En <strong><span style=\"text-decoration: underline; color: #3366ff;\"><a href=\"https:\/\/www.notikumi.com\/\" target=\"_blank\" rel=\"noopener\"><span style=\"text-decoration: underline; color: #3366ff;\">www.notikumi.com<\/span><\/a><\/span><\/strong> a partir del viernes 7 de mayo las 10 horas.<\/p>\n<p><em>\u00abDespu\u00e9s del a\u00f1o pasado donde tuvimos que celebrar un nan@fest virtual, tenemos muchas ganas de poder ofrecer a nuestros ni\u00f1os y ni\u00f1as un programa de actividades para disfrutar al aire libre. Quiero agradecer la gran implicaci\u00f3n por parte de todo el equipo de cultura para celebrar esta nueva edici\u00f3n. Vamos a recuperar todas las expectativas que tiene la gente joven de Alzira, los padres y madres y el p\u00fablico familiar, para volver otra vez a disfrutar de la m\u00fasica y de los talleres que hemos preparado\u00bb<\/em> ha explicado el regidor de Cultura,<strong> Alfred Aranda<\/strong>.<\/p>\n<p>Este a\u00f1o, de la mano de la mascota, Dril profundizaremos en la<strong> tem\u00e1tica<\/strong> del<strong> respecto al medio ambiente<\/strong> y por eso se ha programado un taller de reciclajes, otro sobre plantas y un m\u00e1s sobre hierbas arom\u00e1ticas con un humo de 0avtuvtats al aire libre<\/p>\n<p><span style=\"text-decoration: underline;\"><strong>Programa de espacios y actividades<\/strong><\/span><\/p>\n<p style=\"text-align: justify; line-height: 150%; margin-left: 30px;\"><strong><span style=\"font-size: 11pt; line-height: 150%; font-family: Arial, sans-serif;\">1.<span style=\"text-decoration: underline;\"><span style=\"color: #e36c0a; text-decoration: underline;\"> ENTRADA &#8211;&nbsp;BIENVENIDA \u2013 INFORMACI\u00d3N<\/span><\/span><\/span><\/strong><\/p>\n<p style=\"text-align: justify; line-height: 150%; margin-left: 60px;\">&#8211; Punto de informaci\u00f3n del festival.<\/p>\n<p style=\"margin-left: 60px;\">&#8211; Recoge la <strong>pulsera identificativa<\/strong>. De esta manera, todos los ni\u00f1os y las ni\u00f1as estar\u00e1n identificados en cualquier momento.<\/p>\n<p style=\"margin-left: 60px;\">Y visita la tienda del festival:&nbsp;compra tu <strong>pack del Nan@fest<\/strong> por <strong>2 \u20ac<\/strong> (mochila, set de escritura, cuento de Dril, gorra y botellita de agua)<\/p>\n<p style=\"text-align: justify; line-height: 150%; margin-left: 30px;\"><strong><span style=\"font-size: 11pt; line-height: 150%; font-family: Arial, sans-serif;\">2.<span style=\"text-decoration: underline;\"> <span style=\"color: red; text-decoration: underline;\">FOTORECLAMO<\/span><\/span><\/span><\/strong><\/p>\n<p style=\"text-align: justify; line-height: 150%; margin-left: 60px;\"><span style=\"font-size: 11pt; line-height: 150%; font-family: Arial, sans-serif;\">Hazte tu <strong>foto de recuerdo del Nan@fest<\/strong> (para hacerse la foto, solo: una unidad familiar o grupos m\u00e1ximo de 4 personas)<\/span><\/p>\n<p style=\"text-align: justify; line-height: 150%; margin-left: 30px;\"><strong><span style=\"font-size: 11pt; line-height: 150%; font-family: Arial, sans-serif;\">3.<span style=\"text-decoration: underline;\"><span style=\"color: #365f91; text-decoration: underline;\"> ESCENARIO PRINCIPAL<\/span><\/span><\/span><\/strong><\/p>\n<p style=\"line-height: 150%; margin-left: 30px;\"><span style=\"font-size: 11pt; line-height: 150%; font-family: Arial, sans-serif;\"><span>&nbsp;&nbsp;&nbsp;&nbsp;&nbsp;&nbsp;&nbsp;&nbsp;&nbsp;&nbsp;&nbsp; <\/span>&#8211; 12.30 h: <strong>IRUIXA + SCARGOTS<\/strong><\/span><\/p>\n<p style=\"line-height: 150%; margin-left: 30px;\"><span style=\"font-size: 11pt; line-height: 150%; font-family: Arial, sans-serif;\"><span>&nbsp;&nbsp;&nbsp;&nbsp;&nbsp;&nbsp;&nbsp;&nbsp;&nbsp;&nbsp;&nbsp; <\/span>&#8211; 18.30 h:<strong> DANI MIQUEL<\/strong>&nbsp;y los&nbsp;<strong>MA-ME-MI-MO-M\u00daSICS<\/strong><\/span><\/p>\n<p style=\"text-align: justify; line-height: 150%; margin-left: 30px;\"><strong><span style=\"font-size: 11pt; line-height: 150%; font-family: Arial, sans-serif;\">4. <span style=\"color: #78247a;\"><span style=\"text-decoration: underline;\">MENUDO ESCENARIO<\/span><\/span><\/span><\/strong><\/p>\n<p style=\"line-height: 150%; margin-left: 30px;\"><span style=\"font-size: 11pt; line-height: 150%; font-family: Arial, sans-serif;\"><span>&nbsp;&nbsp;&nbsp;&nbsp;&nbsp;&nbsp;&nbsp;&nbsp;&nbsp;&nbsp;&nbsp; <\/span>&#8211; <strong>10.15 h<\/strong>. <strong>Zumba<\/strong> para ni\u00f1@s, con<strong>&nbsp;Lorena Carri\u00f3<\/strong>.<\/span><\/p>\n<p style=\"line-height: 150%; margin-left: 30px;\"><span style=\"font-size: 11pt; line-height: 150%; font-family: Arial, sans-serif;\"><span>&nbsp;&nbsp;&nbsp;&nbsp;&nbsp;&nbsp;&nbsp;&nbsp;&nbsp;&nbsp;&nbsp; <\/span>&#8211; <strong>11.00 h.<\/strong> Disparatario &#8211; Cuentacuentos con m\u00fasica en directo: <strong>Contes desbaratats<\/strong><\/span><\/p>\n<p style=\"line-height: 150%; margin-left: 30px;\"><span style=\"font-size: 11pt; line-height: 150%; font-family: Arial, sans-serif;\"><span>&nbsp;&nbsp;&nbsp;&nbsp;&nbsp;&nbsp;&nbsp;&nbsp;&nbsp;&nbsp;&nbsp; <\/span>&#8211; <strong>12.00 h<\/strong>. Cuentacuentos con Murta Animaciones: <strong>Contes sense fi<\/strong><\/span><\/p>\n<p style=\"line-height: 150%; margin-left: 30px;\"><span style=\"font-size: 11pt; line-height: 150%; font-family: Arial, sans-serif;\"><span>&nbsp;&nbsp;&nbsp;&nbsp;&nbsp;&nbsp;&nbsp;&nbsp;&nbsp;&nbsp;&nbsp; <\/span>&#8211; <strong>16.15 h<\/strong>. Cuentacuentos con Murta Animaciones: <strong>Cuinacontes<\/strong><\/span><\/p>\n<p style=\"line-height: 150%; margin-left: 30px;\"><span style=\"font-size: 11pt; line-height: 150%; font-family: Arial, sans-serif;\"><span>&nbsp;&nbsp;&nbsp;&nbsp;&nbsp;&nbsp;&nbsp;&nbsp;&nbsp;&nbsp;&nbsp; <\/span>&#8211; <strong>17.00 h<\/strong>. Disparatario &#8211; Cuentacuentos con m\u00fasica en directo: <strong>Contes violetes<\/strong><\/span><\/p>\n<p style=\"line-height: 150%; margin-left: 30px;\"><span style=\"font-size: 11pt; line-height: 150%; font-family: Arial, sans-serif;\"><span>&nbsp;&nbsp;&nbsp;&nbsp;&nbsp;&nbsp;&nbsp;&nbsp;&nbsp;&nbsp;&nbsp; <\/span>&#8211; <strong>18.00 h<\/strong><span style=\"color: red;\">.<\/span> <strong>Zumba<\/strong> para ni\u00f1@s<span style=\"color: red;\">,<\/span>&nbsp;con&nbsp;<strong>Lorena Carri\u00f3<\/strong>.<\/span><\/p>\n<p style=\"line-height: 150%; margin-left: 30px;\"><strong><span style=\"font-size: 11pt; line-height: 150%; font-family: Arial, sans-serif; color: #ff0066;\">5.<span style=\"text-decoration: underline;\"> TALLERES (de 10 a 12.30 h y de 16 a 18.30 h):<\/span><br \/><\/span><\/strong><\/p>\n<p style=\"line-height: 150%; margin-left: 30px;\"><span style=\"font-size: 11pt; line-height: 150%; font-family: Arial, sans-serif;\"><span>&nbsp;&nbsp;&nbsp;&nbsp;&nbsp;&nbsp;&nbsp;&nbsp;&nbsp;&nbsp;&nbsp; <\/span>&#8211; Alfarer\u00eda con<strong>&nbsp;Xavier Claur<\/strong>.<\/span><\/p>\n<p style=\"line-height: 150%; margin-left: 30px;\"><span style=\"font-size: 11pt; line-height: 150%; font-family: Arial, sans-serif;\"><span>&nbsp;&nbsp;&nbsp;&nbsp;&nbsp;&nbsp;&nbsp;&nbsp;&nbsp;&nbsp;&nbsp; <\/span>&#8211;&nbsp;Pompas de jab\u00f3n, con&nbsp;<strong>Globusclown<\/strong> \u2013 ma\u00f1ana.<\/span><\/p>\n<p style=\"line-height: 150%; margin-left: 30px;\"><span style=\"font-size: 11pt; line-height: 150%; font-family: Arial, sans-serif;\"><span>&nbsp;&nbsp;&nbsp;&nbsp;&nbsp;&nbsp;&nbsp;&nbsp;&nbsp;&nbsp;&nbsp; <\/span>&#8211; Taller de globoflexia, con&nbsp;<strong>Globusclown<\/strong> \u2013 tarde.<\/span><\/p>\n<p style=\"text-indent: 35.4pt; line-height: 150%; margin-left: 30px;\"><span style=\"font-size: 11pt; line-height: 150%; font-family: Arial, sans-serif;\">&#8211; <strong>Poblado indio:<\/strong><\/span><\/p>\n<p style=\"line-height: 150%; margin-left: 30px;\"><span style=\"font-size: 11pt; line-height: 150%; font-family: Arial, sans-serif;\"><span>&nbsp;&nbsp;&nbsp;&nbsp;&nbsp;&nbsp;&nbsp;&nbsp;&nbsp;&nbsp;&nbsp;&nbsp;&nbsp;&nbsp;&nbsp;&nbsp;&nbsp;&nbsp;&nbsp;&nbsp;&nbsp;&nbsp;&nbsp; <\/span>&#8211; Decoraci\u00f3n \u00edndia<\/span><\/p>\n<p style=\"line-height: 150%; margin-left: 30px;\"><span style=\"font-size: 11pt; line-height: 150%; font-family: Arial, sans-serif;\"><span>&nbsp;&nbsp;&nbsp;&nbsp;&nbsp;&nbsp;&nbsp;&nbsp;&nbsp;&nbsp;&nbsp;&nbsp;&nbsp;&nbsp;&nbsp;&nbsp;&nbsp;&nbsp;&nbsp;&nbsp;&nbsp;&nbsp;&nbsp; <\/span>&#8211; Taller de bolsas aromaticas naturales<\/span><\/p>\n<p style=\"line-height: 150%; margin-left: 30px;\"><span style=\"font-size: 11pt; line-height: 150%; font-family: Arial, sans-serif;\"><span>&nbsp;&nbsp;&nbsp;&nbsp;&nbsp;&nbsp;&nbsp;&nbsp;&nbsp;&nbsp;&nbsp;&nbsp;&nbsp;&nbsp;&nbsp;&nbsp;&nbsp;&nbsp;&nbsp;&nbsp;&nbsp;&nbsp;&nbsp; <\/span>&#8211; Taller de atrapasue\u00f1os.<\/span><\/p>\n<p style=\"line-height: 150%; margin-left: 30px;\"><strong><span style=\"font-size: 11pt; line-height: 150%; font-family: Arial, sans-serif; color: #31849b;\">6.<span style=\"text-decoration: underline;\"> TALLERES (de 10 a 12.30 h y de 16 a 18.30 h):<\/span><\/span><\/strong><\/p>\n<p style=\"text-indent: 35.4pt; line-height: 150%; margin-left: 30px;\"><span style=\"font-size: 11pt; line-height: 150%; font-family: Arial, sans-serif;\">&#8211; Espacio sostenible, taller de plantaci\u00f3n&nbsp;<i><strong>nendo dango<\/strong>.<\/i><\/span><\/p>\n<p style=\"line-height: 150%; margin-left: 30px;\"><span style=\"font-size: 11pt; line-height: 150%; font-family: Arial, sans-serif;\"><span>&nbsp;&nbsp;&nbsp;&nbsp;&nbsp;&nbsp;&nbsp;&nbsp;&nbsp;&nbsp;&nbsp; <\/span>&#8211; Espacio Drilo, <strong>taller de chapas<\/strong>.<\/span><\/p>\n<p style=\"line-height: 150%; margin-left: 30px;\"><span style=\"font-size: 11pt; line-height: 150%; font-family: Arial, sans-serif;\"><span>&nbsp;&nbsp;&nbsp;&nbsp;&nbsp;&nbsp;&nbsp;&nbsp;&nbsp;&nbsp;&nbsp; <\/span>&#8211; Taller de <strong>creaci\u00f3n de personajes<\/strong>&nbsp;con la t\u00e9cnica de collage (<strong>Empar Piera i mai Hidalgo<\/strong>).<\/span><\/p>\n<p style=\"line-height: 150%; margin-left: 30px;\"><span style=\"font-size: 11pt; line-height: 150%; font-family: Arial, sans-serif;\"><span>&nbsp;&nbsp;&nbsp;&nbsp;&nbsp;&nbsp;&nbsp;&nbsp;&nbsp;&nbsp;&nbsp; <\/span>&#8211; Taller de Germinarte (<strong>Analia Soler<\/strong>): ll\u00e9vate tu plantita.<\/span><\/p>\n<p style=\"text-align: justify; line-height: 150%; margin-left: 30px;\"><strong><span style=\"font-size: 11pt; line-height: 150%; font-family: Arial, sans-serif; color: #76923c;\">7.<span style=\"text-decoration: underline;\"> MULTIAVENTURA<\/span><\/span><\/strong><\/p>\n<p style=\"line-height: 150%; margin-left: 30px;\"><span style=\"font-size: 11pt; line-height: 150%; font-family: Arial, sans-serif;\"><span>&nbsp;&nbsp;&nbsp;&nbsp;&nbsp;&nbsp;&nbsp;&nbsp;&nbsp;&nbsp;&nbsp; <\/span>&#8211; Escalada, parque, camas el\u00e1sticas, roc\u00f3dromo.<\/span><\/p>\n<p style=\"line-height: 150%; margin-left: 30px;\"><strong><span style=\"font-size: 11pt; line-height: 150%; font-family: Arial, sans-serif; color: #e36c0a;\">8.<span style=\"text-decoration: underline;\"> ESPACIO OCIO:<\/span><\/span><\/strong><\/p>\n<p style=\"line-height: 150%; margin-left: 30px;\"><span style=\"font-size: 11pt; line-height: 150%; font-family: Arial, sans-serif;\"><span>&nbsp;&nbsp;&nbsp;&nbsp;&nbsp;&nbsp;&nbsp;&nbsp;&nbsp;&nbsp;&nbsp; <\/span>&#8211; Futbol\u00edn y pista de karts.<\/span><\/p>\n<p style=\"text-align: justify; line-height: 150%; margin-left: 30px;\"><span style=\"font-size: 11pt; line-height: 150%; font-family: Arial, sans-serif; color: #548dd4;\"><strong>9.<\/strong><span style=\"text-decoration: underline;\">&nbsp;<\/span><\/span><span style=\"text-decoration: underline;\"><a href=\"mailto:6.-NAN@RELAX\" target=\"_blank\" rel=\"noopener\"><strong><span style=\"font-size: 11pt; line-height: 150%; font-family: Arial, sans-serif; color: #548dd4; text-decoration: underline;\">NAN@RELAX i <\/span><\/strong><strong><span style=\"font-size: 11pt; line-height: 150%; font-family: Arial, sans-serif; color: #548dd4; text-decoration: underline;\">NAN@P\u00cdCNIC<\/span><\/strong><\/a><\/span><span style=\"font-size: 11pt; line-height: 150%; font-family: Arial, sans-serif; color: #548dd4;\"> <\/span><\/p>\n<p style=\"line-height: 150%;\"><span style=\"font-size: 11pt; line-height: 150%; font-family: Arial, sans-serif;\">Tambi\u00e9n encontrar\u00e1s: animaciones teatrales &#8211; f\u00e1bulas a cargo de Mira Rosana Proyectos Teatrales; y&nbsp;<strong>PABLILLO <\/strong><span style=\"background: white;\">\u00ab<\/span>l\u2019Amic Pallasso<span style=\"background: white;\">\u00bb<\/span>&nbsp;y&nbsp;<strong>EL TRICICLE DE LES BAMBOLLES<\/strong>, sorpresas y actividades repartidas por todo el recinto, mucho de ambiente y sobretodo&#8230; <strong>muy buen rollo<\/strong>.&nbsp;&nbsp;&nbsp;&nbsp;&nbsp;&nbsp;&nbsp;&nbsp;<\/span><\/p>\n<p style=\"line-height: 150%;\">&nbsp;<\/p>\n<p style=\"line-height: 150%; text-align: center;\"><span style=\"font-size: 11pt; line-height: 150%; font-family: Arial, sans-serif;\"><img fetchpriority=\"high\" decoding=\"async\" src=\"https:\/\/alzira.es\/wp-content\/uploads\/2021\/09\/Cartell_Nano-21_A3.ok.jpg\" alt=\"Cartell Nano-21 A3.ok\" width=\"610\" height=\"862\" \/>&nbsp;&nbsp;<img decoding=\"async\" data-src=\"https:\/\/alzira.es\/wp-content\/uploads\/2021\/09\/Programa_MA_NANO21_3mmSang_P\u00e1gin.ok.jpg\" alt=\"Programa MA NANO21 3mmSang P\u00e1gin.ok\" width=\"611\" height=\"847\" src=\"data:image\/svg+xml;base64,PHN2ZyB3aWR0aD0iMSIgaGVpZ2h0PSIxIiB4bWxucz0iaHR0cDovL3d3dy53My5vcmcvMjAwMC9zdmciPjwvc3ZnPg==\" class=\"lazyload\" style=\"--smush-placeholder-width: 611px; --smush-placeholder-aspect-ratio: 611\/847;\" \/><\/span><\/p>\n","protected":false},"excerpt":{"rendered":"<p>\u2022 S\u00e1bado 15 de mayo, en sesi\u00f3n por la ma\u00f1ana y tarde \u2022 Aforo limitado \u2022 Entrada con invitaci\u00f3n Llega una nueva edici\u00f3n del Nan@fest 2021, el pr\u00f3ximo s\u00e1bado, 15 de mayo de 2021. Se trata de una edici\u00f3n especial donde el festival de M\u00fasica para las familias se traslada al patio de la escuela &hellip; <\/p>\n<p class=\"link-more\"><a href=\"https:\/\/alzira.es\/es\/el-nan-fest-2021-es-trasllada-al-ceip-ausias-march\/\" class=\"more-link\">Continuar leyendo<span class=\"screen-reader-text\"> \u00abEl Nan@fest 2021 se traslada al CEIP Ausi\u00e0s March\u00bb<\/span><\/a><\/p>\n","protected":false},"author":29,"featured_media":0,"comment_status":"closed","ping_status":"closed","sticky":false,"template":"","format":"standard","meta":{"_acf_changed":false,"footnotes":""},"categories":[4936],"tags":[],"class_list":["post-90199","post","type-post","status-publish","format-standard","hentry","category-hemeroteca-es"],"acf":[],"_links":{"self":[{"href":"https:\/\/alzira.es\/es\/wp-json\/wp\/v2\/posts\/90199","targetHints":{"allow":["GET"]}}],"collection":[{"href":"https:\/\/alzira.es\/es\/wp-json\/wp\/v2\/posts"}],"about":[{"href":"https:\/\/alzira.es\/es\/wp-json\/wp\/v2\/types\/post"}],"author":[{"embeddable":true,"href":"https:\/\/alzira.es\/es\/wp-json\/wp\/v2\/users\/29"}],"replies":[{"embeddable":true,"href":"https:\/\/alzira.es\/es\/wp-json\/wp\/v2\/comments?post=90199"}],"version-history":[{"count":0,"href":"https:\/\/alzira.es\/es\/wp-json\/wp\/v2\/posts\/90199\/revisions"}],"wp:attachment":[{"href":"https:\/\/alzira.es\/es\/wp-json\/wp\/v2\/media?parent=90199"}],"wp:term":[{"taxonomy":"category","embeddable":true,"href":"https:\/\/alzira.es\/es\/wp-json\/wp\/v2\/categories?post=90199"},{"taxonomy":"post_tag","embeddable":true,"href":"https:\/\/alzira.es\/es\/wp-json\/wp\/v2\/tags?post=90199"}],"curies":[{"name":"wp","href":"https:\/\/api.w.org\/{rel}","templated":true}]}}