{"id":90198,"date":"2021-05-04T12:57:59","date_gmt":"2021-05-04T10:57:59","guid":{"rendered":"https:\/\/alzira.es\/taller-de-reciclatge-per-a-families\/"},"modified":"2021-05-04T12:57:59","modified_gmt":"2021-05-04T10:57:59","slug":"taller-de-reciclatge-per-a-families","status":"publish","type":"post","link":"https:\/\/alzira.es\/es\/taller-de-reciclatge-per-a-families\/","title":{"rendered":"Taller de reciclaje para familias"},"content":{"rendered":"<p>El Departamento de Educaci\u00f3n e Infancia ha organizado el <strong>TALLER DE RECICLAJE PARA LAS FAMILIAS<\/strong>, en el cual se llevan a cabo una serie de actuaciones que, adem\u00e1s de incidir en la educaci\u00f3n medioambiental como una parte necesaria de la formaci\u00f3n integral de ni\u00f1as y ni\u00f1os, lo hace de una forma divertida y \u00e1gil para potenciar su imaginaci\u00f3n y desarrollar su creatividad.<\/p>\n<p>Con el taller, se intenta dotar a las familias de una herramienta que, conjuntamente con el lenguaje verbal, lo ayudo a sensibilizar a nuestros hijos e hijas sobre la imperiosa necesidad de un consumo responsable, la reutilizaci\u00f3n de todo aquello que sea reutilizable y asentar en los menores una conciencia familiar de separar, clasificar y llevar los residuos a los contenedores de reciclaje.<\/p>\n<p>El taller empez\u00f3 el pasado s\u00e1bado con las madres y padres que hicieron la inscripci\u00f3n dentro del plazo establecido y continuar\u00e1 todos los s\u00e1bados hasta el 5 de junio.<\/p>\n<p><strong>A consecuencia de la situaci\u00f3n sanitaria ocasionada por la Covid-19, la actividad se llevar\u00e1 a cabo cumpliendo los protocolos sanitarios en cada momento y los posibles cambios que determinan las autoridades<\/strong>.<\/p>\n<p style=\"text-align: center;\"><img fetchpriority=\"high\" decoding=\"async\" src=\"https:\/\/alzira.es\/wp-content\/uploads\/2021\/09\/CARTELL_TALLER_DEL_RECICLATGE_FAMILIES.jpg\" alt=\"CARTELL TALLER DEL RECICLATGE FAMILIES\" width=\"981\" height=\"694\" \/><\/p>\n","protected":false},"excerpt":{"rendered":"<p>El Departamento de Educaci\u00f3n e Infancia ha organizado el TALLER DE RECICLAJE PARA LAS FAMILIAS, en el cual se llevan a cabo una serie de actuaciones que, adem\u00e1s de incidir en la educaci\u00f3n medioambiental como una parte necesaria de la formaci\u00f3n integral de ni\u00f1as y ni\u00f1os, lo hace de una forma divertida y \u00e1gil para &hellip; <\/p>\n<p class=\"link-more\"><a href=\"https:\/\/alzira.es\/es\/taller-de-reciclatge-per-a-families\/\" class=\"more-link\">Continuar leyendo<span class=\"screen-reader-text\"> \u00abTaller de reciclaje para familias\u00bb<\/span><\/a><\/p>\n","protected":false},"author":29,"featured_media":0,"comment_status":"closed","ping_status":"closed","sticky":false,"template":"","format":"standard","meta":{"_acf_changed":false,"footnotes":""},"categories":[4936],"tags":[],"class_list":["post-90198","post","type-post","status-publish","format-standard","hentry","category-hemeroteca-es"],"acf":[],"_links":{"self":[{"href":"https:\/\/alzira.es\/es\/wp-json\/wp\/v2\/posts\/90198","targetHints":{"allow":["GET"]}}],"collection":[{"href":"https:\/\/alzira.es\/es\/wp-json\/wp\/v2\/posts"}],"about":[{"href":"https:\/\/alzira.es\/es\/wp-json\/wp\/v2\/types\/post"}],"author":[{"embeddable":true,"href":"https:\/\/alzira.es\/es\/wp-json\/wp\/v2\/users\/29"}],"replies":[{"embeddable":true,"href":"https:\/\/alzira.es\/es\/wp-json\/wp\/v2\/comments?post=90198"}],"version-history":[{"count":0,"href":"https:\/\/alzira.es\/es\/wp-json\/wp\/v2\/posts\/90198\/revisions"}],"wp:attachment":[{"href":"https:\/\/alzira.es\/es\/wp-json\/wp\/v2\/media?parent=90198"}],"wp:term":[{"taxonomy":"category","embeddable":true,"href":"https:\/\/alzira.es\/es\/wp-json\/wp\/v2\/categories?post=90198"},{"taxonomy":"post_tag","embeddable":true,"href":"https:\/\/alzira.es\/es\/wp-json\/wp\/v2\/tags?post=90198"}],"curies":[{"name":"wp","href":"https:\/\/api.w.org\/{rel}","templated":true}]}}