{"id":90197,"date":"2021-05-04T12:43:57","date_gmt":"2021-05-04T10:43:57","guid":{"rendered":"https:\/\/alzira.es\/l-ajuntament-atorga-una-subvencio-de-4000-euros-per-a-l-associacio-de-malats-mentals-afaradem\/"},"modified":"2021-05-04T12:43:57","modified_gmt":"2021-05-04T10:43:57","slug":"l-ajuntament-atorga-una-subvencio-de-4000-euros-per-a-l-associacio-de-malats-mentals-afaradem","status":"publish","type":"post","link":"https:\/\/alzira.es\/es\/l-ajuntament-atorga-una-subvencio-de-4000-euros-per-a-l-associacio-de-malats-mentals-afaradem\/","title":{"rendered":"El Ayuntamiento otorga una subvenci\u00f3n de 4000 euros para la asociaci\u00f3n de enfermos mentales AFARADEM"},"content":{"rendered":"<p>El Ayuntamiento otorga una subvenci\u00f3n a la Asociaci\u00f3n <strong>AFARADEM<\/strong>, para la gesti\u00f3n y desarrollo de los programas del <strong>Club de Convivencia Terap\u00e9utico para Personas con Enfermedad Mental<\/strong> y el programa de las actividades del Club.<\/p>\n<p>Esta aportaci\u00f3n a la Asociaci\u00f3n de familiares la Ribera Alta para los derechos del enfermo mental supone una garant\u00eda de continuidad con el plan de actuaci\u00f3n que se desarrolla en la asociaci\u00f3n y apostando por el \u00fanico recurso de apoyo psicosocial y comunitario en la comarca para los enfermos mentales y sus familias.<\/p>\n<p>En el<strong> Presupuesto<\/strong> del <strong>Ayuntamiento de Alzira de 2021<\/strong> figura la aplicaci\u00f3n presupuestaria para el Club terap\u00e9utico convivencia enfermos mentales, <strong>dotada con 4.000 euros<\/strong>.<\/p>\n<p style=\"text-align: center;\"><img fetchpriority=\"high\" decoding=\"async\" src=\"https:\/\/alzira.es\/wp-content\/uploads\/2021\/09\/147201640--624x468.jpg\" alt=\"147201640--624x468\" width=\"805\" height=\"604\" \/><\/p>\n","protected":false},"excerpt":{"rendered":"<p>El Ayuntamiento otorga una subvenci\u00f3n a la Asociaci\u00f3n AFARADEM, para la gesti\u00f3n y desarrollo de los programas del Club de Convivencia Terap\u00e9utico para Personas con Enfermedad Mental y el programa de las actividades del Club. Esta aportaci\u00f3n a la Asociaci\u00f3n de familiares la Ribera Alta para los derechos del enfermo mental supone una garant\u00eda de &hellip; <\/p>\n<p class=\"link-more\"><a href=\"https:\/\/alzira.es\/es\/l-ajuntament-atorga-una-subvencio-de-4000-euros-per-a-l-associacio-de-malats-mentals-afaradem\/\" class=\"more-link\">Continuar leyendo<span class=\"screen-reader-text\"> \u00abEl Ayuntamiento otorga una subvenci\u00f3n de 4000 euros para la asociaci\u00f3n de enfermos mentales AFARADEM\u00bb<\/span><\/a><\/p>\n","protected":false},"author":29,"featured_media":0,"comment_status":"closed","ping_status":"closed","sticky":false,"template":"","format":"standard","meta":{"_acf_changed":false,"footnotes":""},"categories":[4936],"tags":[],"class_list":["post-90197","post","type-post","status-publish","format-standard","hentry","category-hemeroteca-es"],"acf":[],"_links":{"self":[{"href":"https:\/\/alzira.es\/es\/wp-json\/wp\/v2\/posts\/90197","targetHints":{"allow":["GET"]}}],"collection":[{"href":"https:\/\/alzira.es\/es\/wp-json\/wp\/v2\/posts"}],"about":[{"href":"https:\/\/alzira.es\/es\/wp-json\/wp\/v2\/types\/post"}],"author":[{"embeddable":true,"href":"https:\/\/alzira.es\/es\/wp-json\/wp\/v2\/users\/29"}],"replies":[{"embeddable":true,"href":"https:\/\/alzira.es\/es\/wp-json\/wp\/v2\/comments?post=90197"}],"version-history":[{"count":0,"href":"https:\/\/alzira.es\/es\/wp-json\/wp\/v2\/posts\/90197\/revisions"}],"wp:attachment":[{"href":"https:\/\/alzira.es\/es\/wp-json\/wp\/v2\/media?parent=90197"}],"wp:term":[{"taxonomy":"category","embeddable":true,"href":"https:\/\/alzira.es\/es\/wp-json\/wp\/v2\/categories?post=90197"},{"taxonomy":"post_tag","embeddable":true,"href":"https:\/\/alzira.es\/es\/wp-json\/wp\/v2\/tags?post=90197"}],"curies":[{"name":"wp","href":"https:\/\/api.w.org\/{rel}","templated":true}]}}