{"id":90196,"date":"2021-05-04T10:15:29","date_gmt":"2021-05-04T08:15:29","guid":{"rendered":"https:\/\/alzira.es\/activa-t-amb-el-padel-arranca-amb-mes-de-500-alumnes-inscrits\/"},"modified":"2021-05-04T10:15:29","modified_gmt":"2021-05-04T08:15:29","slug":"activa-t-amb-el-padel-arranca-amb-mes-de-500-alumnes-inscrits","status":"publish","type":"post","link":"https:\/\/alzira.es\/es\/activa-t-amb-el-padel-arranca-amb-mes-de-500-alumnes-inscrits\/","title":{"rendered":"\u00abAct\u00edvate con el p\u00e1del\u00bb arranca con m\u00e1s de 500 alumnos inscritos"},"content":{"rendered":"<p>M\u00e1s de <strong>500 alumnos<\/strong> de los colegios Federico Garc\u00eda Sanchiz; Gloria Fuertes; Tirant lo Blanch; el Alborx\u00ed; Ausi\u00e0s March; Pintor Teodoro Andreu; Sants Patrons, Blasco Ib\u00e1\u00f1ez i Garc\u00eda Lorca, de tercero de primaria, <strong>se han inscrito en el programa <em>\u00abAct\u00edvate con el p\u00e1del\u00bb<\/em><\/strong>, el cual persigue combatir el sedentarismo provocado por la pandemia de la COVID-19.<\/p>\n<p>La actividad se prolongar\u00e1<strong> hasta el 31 de mayo<\/strong>. Consiste en una sesi\u00f3n semanal de introducci\u00f3n al p\u00e1del que incluye varias actividades en las instalaciones municipales del Campo de Deportes de Venecia.<br \/>El horario es de lunes a viernes de las 9 hasta las 13 horas, es decir, cuatro horas con: bienvenida a los participantes; introducci\u00f3n a la pr\u00e1ctica de esta modalidad deportiva; circuitos recreativos; tiempo para almorzar, juegos espec\u00edficos en torno al p\u00e1del, adaptados para cada nivel, y, adem\u00e1s, tiempo para dibujar.<\/p>\n<p><strong>Fernando Pascual<\/strong>, regidor de Deportes, ha visitado esta ma\u00f1ana a los alumnos que est\u00e1n realizando la actividad y que pertenecen en el centro educativo Garc\u00eda Sanchiz. Ha podido comprobar el desarrollo de las varias rutinas en que se estructura <em><strong>\u00abAct\u00edvate con el p\u00e1del\u00bb<\/strong><\/em>.<\/p>\n<p><em>\u00abDesde la Concejal\u00eda de Deportes estamos considerando la posibilidad de realizar la actividad con otras modalidades deportivas, para facilitar al alumnado de la ciudad el aprendizaje de nuevas disciplinas deportivas con las cuales familiarizarlos y, por qu\u00e9 no, propiciar, en un futuro, la pr\u00e1ctica habitual de cualquier de las propuestas deportivas que se pueden realizar en las instalaciones deportivas de la ciudad de Alzira\u00bb<\/em>, segundos ha matizado el regidor.<\/p>\n<p style=\"text-align: center;\"><img fetchpriority=\"high\" decoding=\"async\" src=\"https:\/\/alzira.es\/wp-content\/uploads\/2021\/09\/p\u00e0del_1.jpg\" alt=\"p\u00e0del 1\" width=\"581\" height=\"436\" \/>&nbsp;<img decoding=\"async\" data-src=\"https:\/\/alzira.es\/wp-content\/uploads\/2021\/09\/p\u00e0del_2.jpg\" alt=\"p\u00e0del 2\" width=\"579\" height=\"434\" src=\"data:image\/svg+xml;base64,PHN2ZyB3aWR0aD0iMSIgaGVpZ2h0PSIxIiB4bWxucz0iaHR0cDovL3d3dy53My5vcmcvMjAwMC9zdmciPjwvc3ZnPg==\" class=\"lazyload\" style=\"--smush-placeholder-width: 579px; --smush-placeholder-aspect-ratio: 579\/434;\" \/><\/p>\n","protected":false},"excerpt":{"rendered":"<p>M\u00e1s de 500 alumnos de los colegios Federico Garc\u00eda Sanchiz; Gloria Fuertes; Tirant lo Blanch; el Alborx\u00ed; Ausi\u00e0s March; Pintor Teodoro Andreu; Sants Patrons, Blasco Ib\u00e1\u00f1ez i Garc\u00eda Lorca, de tercero de primaria, se han inscrito en el programa \u00abAct\u00edvate con el p\u00e1del\u00bb, el cual persigue combatir el sedentarismo provocado por la pandemia de la &hellip; <\/p>\n<p class=\"link-more\"><a href=\"https:\/\/alzira.es\/es\/activa-t-amb-el-padel-arranca-amb-mes-de-500-alumnes-inscrits\/\" class=\"more-link\">Continuar leyendo<span class=\"screen-reader-text\"> \u00ab\u00abAct\u00edvate con el p\u00e1del\u00bb arranca con m\u00e1s de 500 alumnos inscritos\u00bb<\/span><\/a><\/p>\n","protected":false},"author":29,"featured_media":0,"comment_status":"closed","ping_status":"closed","sticky":false,"template":"","format":"standard","meta":{"_acf_changed":false,"footnotes":""},"categories":[4936],"tags":[],"class_list":["post-90196","post","type-post","status-publish","format-standard","hentry","category-hemeroteca-es"],"acf":[],"_links":{"self":[{"href":"https:\/\/alzira.es\/es\/wp-json\/wp\/v2\/posts\/90196","targetHints":{"allow":["GET"]}}],"collection":[{"href":"https:\/\/alzira.es\/es\/wp-json\/wp\/v2\/posts"}],"about":[{"href":"https:\/\/alzira.es\/es\/wp-json\/wp\/v2\/types\/post"}],"author":[{"embeddable":true,"href":"https:\/\/alzira.es\/es\/wp-json\/wp\/v2\/users\/29"}],"replies":[{"embeddable":true,"href":"https:\/\/alzira.es\/es\/wp-json\/wp\/v2\/comments?post=90196"}],"version-history":[{"count":0,"href":"https:\/\/alzira.es\/es\/wp-json\/wp\/v2\/posts\/90196\/revisions"}],"wp:attachment":[{"href":"https:\/\/alzira.es\/es\/wp-json\/wp\/v2\/media?parent=90196"}],"wp:term":[{"taxonomy":"category","embeddable":true,"href":"https:\/\/alzira.es\/es\/wp-json\/wp\/v2\/categories?post=90196"},{"taxonomy":"post_tag","embeddable":true,"href":"https:\/\/alzira.es\/es\/wp-json\/wp\/v2\/tags?post=90196"}],"curies":[{"name":"wp","href":"https:\/\/api.w.org\/{rel}","templated":true}]}}