{"id":90193,"date":"2021-04-30T10:32:02","date_gmt":"2021-04-30T08:32:02","guid":{"rendered":"https:\/\/alzira.es\/alzira-recicla-556-000-quilos-de-vidre-el-2020\/"},"modified":"2021-04-30T10:32:02","modified_gmt":"2021-04-30T08:32:02","slug":"alzira-recicla-556-000-quilos-de-vidre-el-2020","status":"publish","type":"post","link":"https:\/\/alzira.es\/es\/alzira-recicla-556-000-quilos-de-vidre-el-2020\/","title":{"rendered":"Alzira recicla 556.000 kilos de vidrio el 2020"},"content":{"rendered":"<p><strong>El a\u00f1o 2020 los alcire\u00f1os reciclaron 556.187 kilos de vidrio<\/strong>: <em>\u00abtenemos que seguir por este camino para conseguir mejorar las cifras, ya de por s\u00ed positivas\u00bb<\/em>, seg\u00fan el regidor de Servicios Urbanos, <strong>Fernando Pascual<\/strong>.<\/p>\n<p>Para concienciar la ciudadan\u00eda a iniciarse o a seguir con la pr\u00e1ctica del reciclaje de vidrio, las <strong>informadoras c\u00edvicas<\/strong> se encuentran<strong> hoy<\/strong> en el <strong>parque de Pere Cresp\u00ed<\/strong> para repartir bolsas con las cuales <strong>facilitar la tarea del reciclaje<\/strong>.<\/p>\n<p>Son muchos las ventajas que conseguimos cada vez que depositamos un envase de vidrio al contenedor: luchamos contra el cambio clim\u00e1tico, porque evitamos que se emita CO\u2082 a la atm\u00f3sfera, a la vez que cuidamos la Tierra, puesto que reaprovechamos los recursos naturales.<\/p>\n<p>El<em><strong> vidrio<\/strong><\/em> es un <em><strong>material que puede ser reciclado al 100% y tiene infinitas vidas<\/strong><\/em>, por lo cual, si lo reciclamos, evitamos el uso de nuevas materias primas y facilitamos la no degradaci\u00f3n del suelo. Frenamos el crecimiento de los vertederos incontrolados y ahorramos energ\u00eda.<\/p>\n<p>Hay que seguir incidiendo en la necesidad de cuidar nuestro entorno y por eso hay que ser conscientes y utilizar los contenedores de reciclaje para favorecer la reutilizaci\u00f3n del vidrio:<em> \u00abdesde la Regidora de Servicios Urbanos seguimos con la tarea de realizaci\u00f3n de campa\u00f1as puntuales dirigidas a la concienciaci\u00f3n y la necesidad de reciclar vidrio\u00bb<\/em>, seg\u00fan ha detallado el regidor.<\/p>\n<p style=\"text-align: center;\"><img fetchpriority=\"high\" decoding=\"async\" src=\"https:\/\/alzira.es\/wp-content\/uploads\/2021\/09\/vidre_1.jpg\" alt=\"vidre 1\" width=\"500\" height=\"375\" \/>&nbsp;<img decoding=\"async\" data-src=\"https:\/\/alzira.es\/wp-content\/uploads\/2021\/09\/vidre_2.jpg\" alt=\"vidre 2\" width=\"500\" height=\"375\" src=\"data:image\/svg+xml;base64,PHN2ZyB3aWR0aD0iMSIgaGVpZ2h0PSIxIiB4bWxucz0iaHR0cDovL3d3dy53My5vcmcvMjAwMC9zdmciPjwvc3ZnPg==\" class=\"lazyload\" style=\"--smush-placeholder-width: 500px; --smush-placeholder-aspect-ratio: 500\/375;\" \/><\/p>\n","protected":false},"excerpt":{"rendered":"<p>El a\u00f1o 2020 los alcire\u00f1os reciclaron 556.187 kilos de vidrio: \u00abtenemos que seguir por este camino para conseguir mejorar las cifras, ya de por s\u00ed positivas\u00bb, seg\u00fan el regidor de Servicios Urbanos, Fernando Pascual. Para concienciar la ciudadan\u00eda a iniciarse o a seguir con la pr\u00e1ctica del reciclaje de vidrio, las informadoras c\u00edvicas se encuentran &hellip; <\/p>\n<p class=\"link-more\"><a href=\"https:\/\/alzira.es\/es\/alzira-recicla-556-000-quilos-de-vidre-el-2020\/\" class=\"more-link\">Continuar leyendo<span class=\"screen-reader-text\"> \u00abAlzira recicla 556.000 kilos de vidrio el 2020\u00bb<\/span><\/a><\/p>\n","protected":false},"author":29,"featured_media":0,"comment_status":"closed","ping_status":"closed","sticky":false,"template":"","format":"standard","meta":{"_acf_changed":false,"footnotes":""},"categories":[4936],"tags":[],"class_list":["post-90193","post","type-post","status-publish","format-standard","hentry","category-hemeroteca-es"],"acf":[],"_links":{"self":[{"href":"https:\/\/alzira.es\/es\/wp-json\/wp\/v2\/posts\/90193","targetHints":{"allow":["GET"]}}],"collection":[{"href":"https:\/\/alzira.es\/es\/wp-json\/wp\/v2\/posts"}],"about":[{"href":"https:\/\/alzira.es\/es\/wp-json\/wp\/v2\/types\/post"}],"author":[{"embeddable":true,"href":"https:\/\/alzira.es\/es\/wp-json\/wp\/v2\/users\/29"}],"replies":[{"embeddable":true,"href":"https:\/\/alzira.es\/es\/wp-json\/wp\/v2\/comments?post=90193"}],"version-history":[{"count":0,"href":"https:\/\/alzira.es\/es\/wp-json\/wp\/v2\/posts\/90193\/revisions"}],"wp:attachment":[{"href":"https:\/\/alzira.es\/es\/wp-json\/wp\/v2\/media?parent=90193"}],"wp:term":[{"taxonomy":"category","embeddable":true,"href":"https:\/\/alzira.es\/es\/wp-json\/wp\/v2\/categories?post=90193"},{"taxonomy":"post_tag","embeddable":true,"href":"https:\/\/alzira.es\/es\/wp-json\/wp\/v2\/tags?post=90193"}],"curies":[{"name":"wp","href":"https:\/\/api.w.org\/{rel}","templated":true}]}}