{"id":90192,"date":"2021-04-30T08:38:49","date_gmt":"2021-04-30T06:38:49","guid":{"rendered":"https:\/\/alzira.es\/arranquen-les-jornades-sobre-emprenedoria-economia-social-i-sostenible\/"},"modified":"2021-04-30T08:38:49","modified_gmt":"2021-04-30T06:38:49","slug":"arranquen-les-jornades-sobre-emprenedoria-economia-social-i-sostenible","status":"publish","type":"post","link":"https:\/\/alzira.es\/es\/arranquen-les-jornades-sobre-emprenedoria-economia-social-i-sostenible\/","title":{"rendered":"Arrancan las Jornadas sobre Emprendimiento Econom\u00eda Social y Sostenible"},"content":{"rendered":"<h3><em>\u2022 Alzira acoger\u00e1 la primera jornada, el jueves 6 de mayo en la Casa de la Cultura<\/em><\/h3>\n<p>Alzira acoge la primera de las jornadas sobre emprendimineto sostenible el pr\u00f3ximo <strong>jueves 6 de mayo en la Casa de la Cultura desde las 10 de la ma\u00f1ana<\/strong> hasta las 14 horas. Estas sesiones est\u00e1n organizadas por el aula Empresocial y la Universitat de Val\u00e8ncia con la colaboraci\u00f3n de la Diputaci\u00f3n de Val\u00e8ncia.<\/p>\n<p>El programa dar\u00e1 a conocer las buenas pr\u00e1cticas y ponencias a cargo de docentes especializados a lo largo de 5 sesiones en Alzira, Gandia, Vilamarxant, Sagunto y Val\u00e8ncia. La asistencia podr\u00e1 ser de <strong>forma presencial<\/strong> siguiendo las recomendaciones sanitarias y tambi\u00e9n se retransmitir\u00e1 por internet a trav\u00e9s de la plataforma BlackBoard Collaborate (BBC) de la Universitat de Val\u00e8ncia. <strong>Los interesados<\/strong> en asistir hace falta que <strong>se inscriban <span style=\"text-decoration: underline;\"><span style=\"color: #b22222;\"><a href=\"https:\/\/docs.google.com\/forms\/d\/e\/1FAIpQLScK9UkripVSDdIttLIDzEXmpTj8l9lneqxBdomuHPTwQl0wCg\/viewform\" target=\"_blank\" rel=\"noopener\"><span style=\"color: #b22222; text-decoration: underline;\">aqu\u00ed<\/span><\/a><\/span><\/span><\/strong>. La asistencia a las 5 sesiones nos ofrece una visi\u00f3n global de la materia en formato de seminario completo.<\/p>\n<p><strong>La primera de las jornadas en Alzira<\/strong> gira sobre el eje tem\u00e1tico Planeta y hace referencia a los Objetivos de Desarrollo Sostenible (ODS) 8, 12, 13, 14 y 15 y su relaci\u00f3n con el emprendimiento. La primera conferencia estar\u00e1 a cargo de <strong>Pilar Alguacil Mar\u00ed<\/strong>, Catedr\u00e1tica de Derecho Financiero y Tributario, UVEG y tratar\u00e1 los ODS y la Agenda 2030. Continuar\u00e1 la programaci\u00f3n con la Tabla de conferencias Alineamiento de las empresas con los ODS: hacia la transformaci\u00f3n econ\u00f3mica y social en Espa\u00f1a, a cargo de <strong>Antonia Sajardo Moreno<\/strong>, profesora de Econom\u00eda Aplicada, UVEG y Los ODS: un nuevo marco de actuaci\u00f3n local con <strong>Emili Altur<\/strong>, gerente de Novaterra, consultor y docente. Para finalizar la Tabla de Buenas Pr\u00e1cticas plantea las ponencias: Buenas Pr\u00e1cticas en Tienda Solidaria Adec, Buenas Pr\u00e1cticas en Sapiens y Buenas Pr\u00e1cticas en Patatas L\u00e1zaro.&nbsp;<span style=\"font-family: sans-serif;\">&nbsp;<\/span><\/p>\n<p><strong><span style=\"text-decoration: underline;\">Programa<\/span><\/strong><\/p>\n<p>El resto de jornadas se llevar\u00e1n a cabo en <strong>Gandia<\/strong>, el <strong>21 de mayo<\/strong> sobre ODS &#8216;Personas&#8217;; <strong>Vilamarxant<\/strong> el <strong>27 de mayo<\/strong> sobre ODS &#8216;Prosperidad&#8217;; <strong>Sagunto<\/strong> el 10 <strong>de junio<\/strong>, sobre ODS &#8216;Pau y alianzas&#8217; y la sesi\u00f3n final en el <strong>Campus de la Universitat de Val\u00e8ncia<\/strong> el <strong>23 de septiembre<\/strong> con las principales conclusiones.<\/p>\n<p>Estas 5 jornadas forman parte de un ciclo en el cual se exponen dos bloques adem\u00e1s del emprendimiento sostenible con experiencias interesantes sobre el emprendimiento en cooperativa y las obligaciones jur\u00eddicas de las asociaciones.<\/p>\n<p>En el caso del <em><strong>emprendimiento en cooperativa<\/strong><\/em> se ofrecen jornadas que se llevar\u00e1n a cabo en <strong>Sagunto<\/strong> el <strong>5 de mayo<\/strong>, <strong>Mislata<\/strong> el <strong>14 de mayo<\/strong>, y<strong> Ll\u00edria<\/strong> el <strong>19 de mayo<\/strong>. Y por \u00faltimo, la tem\u00e1tica de las <em><strong>obligaciones legales de las asociaciones<\/strong><\/em> se tratar\u00e1 a <strong>Oliva<\/strong> el <strong>6 de mayo<\/strong> y <strong>L&#8217;Eliana<\/strong> el <strong>20 de mayo<\/strong>.<\/p>\n<p><span style=\"text-decoration: underline; color: #b22222;\"><strong><a href=\"https:\/\/alzira.es\/wp-content\/uploads\/2021\/09\/carteles_ODS_amb_el_logo_de_lAjuntament.pdf\" target=\"_blank\" rel=\"noopener\"><span style=\"color: #b22222; text-decoration: underline;\">accede en el enlace<\/span><\/a><\/strong><\/span><\/p>\n<p style=\"text-align: center;\"><img fetchpriority=\"high\" decoding=\"async\" src=\"https:\/\/alzira.es\/wp-content\/uploads\/2021\/09\/carteles_ODS_amb_el_logo_de_lAjuntament_P\u00e1gina_2.jpg\" alt=\"carteles ODS amb el logo de lAjuntament P\u00e1gina 2\" width=\"535\" height=\"756\" \/><\/p>\n","protected":false},"excerpt":{"rendered":"<p>\u2022 Alzira acoger\u00e1 la primera jornada, el jueves 6 de mayo en la Casa de la Cultura Alzira acoge la primera de las jornadas sobre emprendimineto sostenible el pr\u00f3ximo jueves 6 de mayo en la Casa de la Cultura desde las 10 de la ma\u00f1ana hasta las 14 horas. Estas sesiones est\u00e1n organizadas por el &hellip; <\/p>\n<p class=\"link-more\"><a href=\"https:\/\/alzira.es\/es\/arranquen-les-jornades-sobre-emprenedoria-economia-social-i-sostenible\/\" class=\"more-link\">Continuar leyendo<span class=\"screen-reader-text\"> \u00abArrancan las Jornadas sobre Emprendimiento Econom\u00eda Social y Sostenible\u00bb<\/span><\/a><\/p>\n","protected":false},"author":29,"featured_media":0,"comment_status":"closed","ping_status":"closed","sticky":false,"template":"","format":"standard","meta":{"_acf_changed":false,"footnotes":""},"categories":[4936],"tags":[],"class_list":["post-90192","post","type-post","status-publish","format-standard","hentry","category-hemeroteca-es"],"acf":[],"_links":{"self":[{"href":"https:\/\/alzira.es\/es\/wp-json\/wp\/v2\/posts\/90192","targetHints":{"allow":["GET"]}}],"collection":[{"href":"https:\/\/alzira.es\/es\/wp-json\/wp\/v2\/posts"}],"about":[{"href":"https:\/\/alzira.es\/es\/wp-json\/wp\/v2\/types\/post"}],"author":[{"embeddable":true,"href":"https:\/\/alzira.es\/es\/wp-json\/wp\/v2\/users\/29"}],"replies":[{"embeddable":true,"href":"https:\/\/alzira.es\/es\/wp-json\/wp\/v2\/comments?post=90192"}],"version-history":[{"count":0,"href":"https:\/\/alzira.es\/es\/wp-json\/wp\/v2\/posts\/90192\/revisions"}],"wp:attachment":[{"href":"https:\/\/alzira.es\/es\/wp-json\/wp\/v2\/media?parent=90192"}],"wp:term":[{"taxonomy":"category","embeddable":true,"href":"https:\/\/alzira.es\/es\/wp-json\/wp\/v2\/categories?post=90192"},{"taxonomy":"post_tag","embeddable":true,"href":"https:\/\/alzira.es\/es\/wp-json\/wp\/v2\/tags?post=90192"}],"curies":[{"name":"wp","href":"https:\/\/api.w.org\/{rel}","templated":true}]}}