{"id":90191,"date":"2021-04-30T07:17:20","date_gmt":"2021-04-30T05:17:20","guid":{"rendered":"https:\/\/alzira.es\/alzira-donara-suport-a-les-victimes-del-covid-amb-el-conveni-amb-psicolegs-sense-fronteres\/"},"modified":"2021-04-30T07:17:20","modified_gmt":"2021-04-30T05:17:20","slug":"alzira-donara-suport-a-les-victimes-del-covid-amb-el-conveni-amb-psicolegs-sense-fronteres","status":"publish","type":"post","link":"https:\/\/alzira.es\/es\/alzira-donara-suport-a-les-victimes-del-covid-amb-el-conveni-amb-psicolegs-sense-fronteres\/","title":{"rendered":"Alzira apoyar\u00e1 a las v\u00edctimas del COVID con el convenio con Psic\u00f3logos sin Fronteras"},"content":{"rendered":"<p><strong>El Ayuntamiento de Alzira y la ONG Psic\u00f3logos Sin Fronteras<\/strong> firman un convenio <strong>para trabajar<\/strong> de manera conjunta en <strong>la estabilidad emocional de la ciudadan\u00eda m\u00e1s afectada por la COVID 19<\/strong>.<\/p>\n<p>Nuestra ciudad se convierte as\u00ed, en el primer municipio que llega a un acuerdo con la entidad, el objetivo del cual es hacer frente a una de las problem\u00e1ticas m\u00e1s destacadas a causa de la pandemia: la salud mental. El plan de actuaci\u00f3n se centra en la atenci\u00f3n a las m\u00e1s de <strong>50 familias<\/strong> que han sufrido la p\u00e9rdida de un familiar a causa de la COVID-19, as\u00ed como a los profesionales de las residencias de personas de la tercera edad.<\/p>\n<p>Al acto de presentaci\u00f3n, el alcalde de la ciudad, <strong>Diego G\u00f3mez<\/strong>, acompa\u00f1ado por la regidora de Servicios Sociales, <strong>Marina Mir<\/strong>, la vicepresidenta de la ONG, <strong>Ofelia Almeida<\/strong>, y la coordinadora del proyecto, <strong>Debora Daniela<\/strong>. <strong>G\u00f3mez<\/strong> ha avanzado que, en un futuro, la intenci\u00f3n es extender este plan de actuaci\u00f3n en la franja de edad del j\u00f3venes, un colectivo que segundos ha explicado, tambi\u00e9n necesita de ayuda psicol\u00f3gica para superar esta situaci\u00f3n.<\/p>\n<p><em>\u00abAprovechamos este momento para enviar toda nuestra solidaridad a las familias que han perdido alguien a causa de la COVID. Hemos sufrido demasiadas p\u00e9rdidas humanas y adem\u00e1s las familias no han tenido la oportunidad de seguir los rituales habituales de despido y luto. Por eso es importante el acompa\u00f1amiento emocional ante la muerte. Por eso nace la propuesta de acuerdo de colaboraci\u00f3n con la ONG \u00abPsic\u00f3logos sin fronteras\u00bb para establecer asistencia psicol\u00f3gica en l\u00ednea y atender las personas afectadas\u00bb<\/em> explica el alcalde.<\/p>\n<p>La aportaci\u00f3n municipal que se ha realizado a esta iniciativa, enmarcada dentro del <strong>II Plan de Emergencia Social<\/strong> asciende adem\u00e1s de <strong>8.000 euros<\/strong> y tendr\u00e1 una <strong>duraci\u00f3n de seis meses<\/strong>. En este sentido, la regidora de Servicios Sociales, <strong>Marina Mir<\/strong>, ha explicado que <em>\u00abDesde el departamento de Servicios Sociales, seguimos trabajando como se ha hecho desde el inicio de la pandemia y ahora nos sumamos al proyecto de Psic\u00f3logos Sin Fronteras para trabajar conjuntamente para que los alcire\u00f1os y alcire\u00f1as superan estas situaciones tan dolorosas que hemos sufrido\u00bb.<\/em><\/p>\n<p>Por su parte, la vicepresidenta de Psic\u00f3logos Sin Fronteras ha querido agradecer al Ayuntamiento su disposici\u00f3n en la hora de destinar recursos para intervenir en el \u00e1mbito psicosocial de las personas. En el caso de la coordinadora del proyecto, <strong>Debora Daniela Procassi<\/strong>, ha detallado que se trata de un plan que se abordar\u00e1 en dos fases, una primera de presa de contacto y otra de diagn\u00f3stico puesto que en el caso de las familias el trabajo previo es fundamental para poder llevar a cabo un tratamiento.<\/p>\n<p style=\"text-align: center;\"><img fetchpriority=\"high\" decoding=\"async\" src=\"https:\/\/alzira.es\/wp-content\/uploads\/2021\/09\/007.jpg\" alt=\"007\" width=\"1028\" height=\"771\" \/><\/p>\n","protected":false},"excerpt":{"rendered":"<p>El Ayuntamiento de Alzira y la ONG Psic\u00f3logos Sin Fronteras firman un convenio para trabajar de manera conjunta en la estabilidad emocional de la ciudadan\u00eda m\u00e1s afectada por la COVID 19. Nuestra ciudad se convierte as\u00ed, en el primer municipio que llega a un acuerdo con la entidad, el objetivo del cual es hacer frente &hellip; <\/p>\n<p class=\"link-more\"><a href=\"https:\/\/alzira.es\/es\/alzira-donara-suport-a-les-victimes-del-covid-amb-el-conveni-amb-psicolegs-sense-fronteres\/\" class=\"more-link\">Continuar leyendo<span class=\"screen-reader-text\"> \u00abAlzira apoyar\u00e1 a las v\u00edctimas del COVID con el convenio con Psic\u00f3logos sin Fronteras\u00bb<\/span><\/a><\/p>\n","protected":false},"author":29,"featured_media":0,"comment_status":"closed","ping_status":"closed","sticky":false,"template":"","format":"standard","meta":{"_acf_changed":false,"footnotes":""},"categories":[4936],"tags":[],"class_list":["post-90191","post","type-post","status-publish","format-standard","hentry","category-hemeroteca-es"],"acf":[],"_links":{"self":[{"href":"https:\/\/alzira.es\/es\/wp-json\/wp\/v2\/posts\/90191","targetHints":{"allow":["GET"]}}],"collection":[{"href":"https:\/\/alzira.es\/es\/wp-json\/wp\/v2\/posts"}],"about":[{"href":"https:\/\/alzira.es\/es\/wp-json\/wp\/v2\/types\/post"}],"author":[{"embeddable":true,"href":"https:\/\/alzira.es\/es\/wp-json\/wp\/v2\/users\/29"}],"replies":[{"embeddable":true,"href":"https:\/\/alzira.es\/es\/wp-json\/wp\/v2\/comments?post=90191"}],"version-history":[{"count":0,"href":"https:\/\/alzira.es\/es\/wp-json\/wp\/v2\/posts\/90191\/revisions"}],"wp:attachment":[{"href":"https:\/\/alzira.es\/es\/wp-json\/wp\/v2\/media?parent=90191"}],"wp:term":[{"taxonomy":"category","embeddable":true,"href":"https:\/\/alzira.es\/es\/wp-json\/wp\/v2\/categories?post=90191"},{"taxonomy":"post_tag","embeddable":true,"href":"https:\/\/alzira.es\/es\/wp-json\/wp\/v2\/tags?post=90191"}],"curies":[{"name":"wp","href":"https:\/\/api.w.org\/{rel}","templated":true}]}}