{"id":90189,"date":"2021-04-29T09:06:05","date_gmt":"2021-04-29T07:06:05","guid":{"rendered":"https:\/\/alzira.es\/aprovades-les-bases-per-a-la-tercera-fase-del-pla-resistir-al-comerc-textil-calcer-i-arts-grafiques-entre-altres\/"},"modified":"2021-04-29T09:06:05","modified_gmt":"2021-04-29T07:06:05","slug":"aprovades-les-bases-per-a-la-tercera-fase-del-pla-resistir-al-comerc-textil-calcer-i-arts-grafiques-entre-altres","status":"publish","type":"post","link":"https:\/\/alzira.es\/es\/aprovades-les-bases-per-a-la-tercera-fase-del-pla-resistir-al-comerc-textil-calcer-i-arts-grafiques-entre-altres\/","title":{"rendered":"Aprobadas las bases para la tercera fase del Plan Resistir al comercio textil, calzado y artes gr\u00e1ficas entre otras"},"content":{"rendered":"<h3><em>\u2022 La segunda fase se cierra con el pago de 126.600 euros a los sectores de la fiesta y ocio<\/em><\/h3>\n<p>Ayer se aprobaban en Junta de Gobierno Extraordinaria las bases para la tercera fase del Plan Resistir, que ir\u00e1 destinado al <strong>comercio de textil, calzado, artes gr\u00e1ficas y otras actividades de impresi\u00f3n, papeler\u00edas, servicios de transporte terrestre y edici\u00f3n de peri\u00f3dicos<\/strong>.<\/p>\n<p>La comisi\u00f3n del Plan Resistir ha elaborado las bases de esta tercera convocatoria en la cual se han incluido nuevas actividades entre las permitidas al Real Decreto-Ley 5\/2021 de 12 de marzo. El importe que se destinar\u00e1 a la tercera fase es de 353.314 euros.<\/p>\n<p>Del 3 al 14 de mayo se podr\u00e1n presentar las solicitudes por la sede electr\u00f3nica del Ayuntamiento de Alzira, a la cual se podr\u00e1 acceder en la direcci\u00f3n electr\u00f3nica siguiente <a href=\"https:\/\/sedeelectronica.alzira.es\/PortalCiudadano\/tramites\/tramite.do?formAction=btShow&amp;t=3814\" target=\"_blank\" rel=\"noopener\"><span style=\"text-decoration: underline;\"><span style=\"color: #b22222;\"><strong><span style=\"color: #b22222; text-decoration: underline;\">enlace<\/span><\/strong><\/span><\/span><\/a>.<\/p>\n<p><em>\u00abHemos trabajado en esta tercera convocatoria a partir del remanente dirigida a sectores que, inicialmente, no estaban reconocidos para recibir las ayudas de la primera y la segunda fase, <strong>principalmente del comercio y de los sectores gr\u00e1ficos<\/strong>. La Generalitat contemplaba al decreto la posibilidad de ayudar a otros sectores que tambi\u00e9n se han visto afectados por la pandemia y mientras quedo permaneciendo, as\u00ed lo haremos. Recordamos que el que no se gaste del Pla Resistir hay que devolverlo por eso la determinaci\u00f3n es ir ampliando a diferentes sectores seg\u00fan se va confirmando que queda permaneciendo\u00bb<\/em>, ha explicado el alcalde de la ciudad,<strong> Diego G\u00f3mez<\/strong>.<\/p>\n<p>Los interesados pueden consultar las bases completas <span style=\"text-decoration: underline;\"><span style=\"color: #b22222;\"><strong><a href=\"index.php\/es\/noticias\/204-ajuntament-d-alziraa\/12775-ajudes-autonoms\" target=\"_blank\" rel=\"noopener\"><span style=\"color: #b22222; text-decoration: underline;\">aqu\u00ed<\/span><\/a><\/strong><\/span><\/span>.<\/p>\n<p>Esta semana la comisi\u00f3n de valoraci\u00f3n llevaba a cabo el cierre de la segunda fase de las ayudas, orientadas al sector de la fiesta y ocio. En total se han presentado 67 solicitudes, de las cuales se han aprobado 57, solo 10 han sido descartadas por duplicidad o por incumplimiento de los requisitos. Se han abonado un total de 126.600 euros.<\/p>\n<p>Seg\u00fan ha explicado el regidor de Hacienda, <strong>Albert Furi\u00f3<\/strong><em> \u00abestamos dando curso a las solicitudes con la m\u00e1xima celeridad, y as\u00ed vamos a continuar haci\u00e9ndolo para que nuestros aut\u00f3nomos y empresas disponen de la ayuda tan pronto como sea posible, de hecho somos uno de los ayuntamientos que m\u00e1s avanzados puerta los tr\u00e1mites del Plan Resistir y ya nos encontramos en la tercera convocatoria\u00bb.<\/em><\/p>\n<p><span style=\"text-decoration: underline;\"><strong>PLAN RESISTIR<\/strong><\/span><\/p>\n<p>Las ayudas de Plan Resistir Ayuntamientos, <strong>son compatibles con otras subvenciones<\/strong>, ayudas, ingresos o recursos procedentes de cualesquier administraci\u00f3n o entes p\u00fablicos o privados nacional, de la Uni\u00f3n Europea o de organismos internacionales, y concedidos para la misma finalidad, dirigidas a cubrir gastos corrientes desde abril de 2020, tienen una <strong>cantidad fija de 2.000\u20ac<\/strong> por cada persona trabajadora <strong>aut\u00f3noma o microempresa<\/strong> con un m\u00e1ximo de 10 personas trabajadoras y de una cantidad fija de <strong>200\u20ac por persona trabajadora afiliada a la Seguridad Social<\/strong> a fecha 31 de diciembre de 2020 de estas microempresas y personas trabajadoras aut\u00f3nomas.<\/p>\n<p>El Plan Resistir que en Alzira cuenta con 1.149.000 euros de los cuales la aportaci\u00f3n del Ayuntamiento es de 172.000 euros.<\/p>\n<table style=\"width: 1073px; border-collapse: collapse; border: none; height: 1033px;\" border=\"1\" cellspacing=\"0\" cellpadding=\"0\">\n<tbody>\n<tr style=\"height: 17pt;\">\n<td style=\"width: 50%; border: 1pt solid windowtext; background: #dfdfdf; padding: 0cm 5.4pt; height: 17pt;\" width=\"50%\">\n<p style=\"margin: 6pt 0cm; text-align: center;\" align=\"center\"><strong><span style=\"font-size: 11pt; font-family: Arial, sans-serif;\">CNAE<\/span><\/strong><\/p>\n<\/td>\n<td style=\"width: 50%; border-top: 1pt solid windowtext; border-right: 1pt solid windowtext; border-bottom: 1pt solid windowtext; border-left: none; background: #dfdfdf; padding: 0cm 5.4pt; height: 17pt;\" width=\"50%\">\n<p style=\"margin: 6pt 0cm; text-align: center;\" align=\"center\"><strong><span style=\"font-size: 11pt; font-family: Arial, sans-serif;\">Ep\u00edgrafe IAE<\/span><\/strong><\/p>\n<\/td>\n<\/tr>\n<tr style=\"height: 17pt;\">\n<td style=\"width: 50%; border-right: 1pt solid windowtext; border-bottom: 1pt solid windowtext; border-left: 1pt solid windowtext; border-top: none; padding: 0cm 5.4pt; height: 17pt;\" width=\"50%\">\n<p style=\"margin: 6pt 0cm; text-align: justify;\"><span style=\"font-size: 11pt; font-family: Arial, sans-serif;\"><strong>1811<\/strong>&nbsp;Artes gr\u00e1ficas y servicios relacionados con las mismas<\/span><\/p>\n<\/td>\n<td style=\"width: 50%; border-top: none; border-left: none; border-bottom: 1pt solid windowtext; border-right: 1pt solid windowtext; padding: 0cm 5.4pt; height: 17pt;\" valign=\"top\" width=\"50%\">\n<p style=\"margin: 6pt 0cm; text-align: justify;\"><strong><span style=\"font-size: 11pt; font-family: Arial, sans-serif;\">E474.2<\/span><\/strong><span style=\"font-size: 11pt; font-family: Arial, sans-serif;\">&nbsp;Impresi\u00f3n de prensa diaria por cualquier procedimiento<\/span><\/p>\n<\/td>\n<\/tr>\n<tr style=\"height: 17pt;\">\n<td style=\"width: 50%; border-right: 1pt solid windowtext; border-bottom: 1pt solid windowtext; border-left: 1pt solid windowtext; border-top: none; padding: 0cm 5.4pt; height: 17pt;\" width=\"50%\">\n<p style=\"margin: 6pt 0cm; text-align: justify;\"><span style=\"font-size: 11pt; font-family: Arial, sans-serif;\"><strong>1812<\/strong> Otras actividades de impresi\u00f3n<\/span><\/p>\n<\/td>\n<td style=\"width: 50%; border-top: none; border-left: none; border-bottom: 1pt solid windowtext; border-right: 1pt solid windowtext; padding: 0cm 5.4pt; height: 17pt;\" valign=\"top\" width=\"50%\">\n<p style=\"margin: 6pt 0cm; text-align: justify;\"><strong><span style=\"font-size: 11pt; font-family: Arial, sans-serif;\">E436.3&nbsp;<\/span><\/strong><span style=\"font-size: 11pt; font-family: Arial, sans-serif;\">Textiles estampados<\/span><\/p>\n<p style=\"margin: 6pt 0cm; text-align: justify;\"><strong><span style=\"font-size: 11pt; font-family: Arial, sans-serif;\">E473.4 <\/span><\/strong><span style=\"font-size: 11pt; font-family: Arial, sans-serif;\">Fabricaci\u00f3n de art\u00edculos de decoraci\u00f3n y de uso dom\u00e9stico de papel y cart\u00f3n<\/span><\/p>\n<p style=\"margin: 6pt 0cm; text-align: justify;\"><strong><span style=\"font-size: 11pt; font-family: Arial, sans-serif;\">E473.9<\/span><\/strong><span style=\"font-size: 11pt; font-family: Arial, sans-serif;\"> Fabricaci\u00f3n otros manipulados de papel y cart\u00f3n no comprendidos en otras partes<\/span><\/p>\n<p style=\"margin: 6pt 0cm; text-align: justify;\"><strong><span style=\"font-size: 11pt; font-family: Arial, sans-serif;\">E474 <\/span><\/strong><span style=\"font-size: 11pt; font-family: Arial, sans-serif;\">Artes gr\u00e1ficas (impresi\u00f3n gr\u00e1fica)<\/span><\/p>\n<p style=\"margin: 6pt 0cm; text-align: justify;\"><strong><span style=\"font-size: 11pt; font-family: Arial, sans-serif;\">E474.1&nbsp;<\/span><\/strong><span style=\"font-size: 11pt; font-family: Arial, sans-serif;\">Impresi\u00f3n de textos o im\u00e1genes por cualquier procedimiento o sistema<\/span><\/p>\n<p style=\"margin: 6pt 0cm; text-align: justify;\"><strong><span style=\"font-size: 11pt; font-family: Arial, sans-serif;\">E474.3&nbsp;&nbsp;<\/span><\/strong><span style=\"font-size: 11pt; font-family: Arial, sans-serif;\">Reproducci\u00f3n de textos o im\u00e1genes por procedimientos tales como multicopistas, fotocopias por procedimientos fotogr\u00e1ficos y electrost\u00e1ticos, sistemas de reproducci\u00f3n de planos, etc..<\/span><\/p>\n<p style=\"margin: 6pt 0cm; text-align: justify;\"><strong><span style=\"font-size: 11pt; font-family: Arial, sans-serif;\">P322<\/span><\/strong><span style=\"font-size: 11pt; font-family: Arial, sans-serif;\"> T\u00e9cnicos en artes gr\u00e1ficas<\/span><\/p>\n<\/td>\n<\/tr>\n<tr style=\"height: 17pt;\">\n<td style=\"width: 50%; border-right: 1pt solid windowtext; border-bottom: 1pt solid windowtext; border-left: 1pt solid windowtext; border-top: none; padding: 0cm 5.4pt; height: 17pt;\" width=\"50%\">\n<p style=\"margin: 6pt 0cm; text-align: justify;\"><span style=\"font-size: 11pt; font-family: Arial, sans-serif;\"><strong>1813<\/strong>&nbsp;<span style=\"color: #000000; font-family: Arial, sans-serif; font-size: 14.6667px; text-align: justify;\">Servicios de preimpresi\u00f3n y preparaci\u00f3n de apoyos<\/span><\/span><\/p>\n<\/td>\n<td style=\"width: 50%; border-top: none; border-left: none; border-bottom: 1pt solid windowtext; border-right: 1pt solid windowtext; padding: 0cm 5.4pt; height: 17pt;\" valign=\"top\" width=\"50%\">\n<p style=\"margin: 6pt 0cm; text-align: justify;\"><strong><span style=\"font-size: 11pt; font-family: Arial, sans-serif;\">E475<\/span><\/strong><span style=\"font-size: 11pt; font-family: Arial, sans-serif;\"> Actividades anejas a las artes gr\u00e1ficas<\/span><\/p>\n<\/td>\n<\/tr>\n<tr style=\"height: 17pt;\">\n<td style=\"width: 50%; border-right: 1pt solid windowtext; border-bottom: 1pt solid windowtext; border-left: 1pt solid windowtext; border-top: none; padding: 0cm 5.4pt; height: 17pt;\" width=\"50%\">\n<p style=\"margin: 6pt 0cm; text-align: justify;\"><span style=\"font-size: 11pt; font-family: Arial, sans-serif;\"><strong>1814<\/strong> Encuadernaci\u00f3n y servicios relacionados con la misma<\/span><\/p>\n<\/td>\n<td style=\"width: 50%; border-top: none; border-left: none; border-bottom: 1pt solid windowtext; border-right: 1pt solid windowtext; padding: 0cm 5.4pt; height: 17pt;\" valign=\"top\" width=\"50%\">\n<p style=\"margin: 6pt 0cm; text-align: justify;\"><strong><span style=\"font-size: 11pt; font-family: Arial, sans-serif;\">E475<\/span><\/strong><span style=\"font-size: 11pt; font-family: Arial, sans-serif;\"> Actividades anejas a las artes gr\u00e1ficas<\/span><\/p>\n<\/td>\n<\/tr>\n<tr style=\"height: 17pt;\">\n<td style=\"width: 50%; border-right: 1pt solid windowtext; border-bottom: 1pt solid windowtext; border-left: 1pt solid windowtext; border-top: none; padding: 0cm 5.4pt; height: 17pt;\" width=\"50%\">\n<p style=\"margin: 6pt 0cm; text-align: justify;\"><span style=\"font-size: 11pt; font-family: Arial, sans-serif;\"><strong>4751<\/strong> Comercio al por menor de textiles en establecimientos especializados<\/span><\/p>\n<\/td>\n<td style=\"width: 50%; border-top: none; border-left: none; border-bottom: 1pt solid windowtext; border-right: 1pt solid windowtext; padding: 0cm 5.4pt; height: 17pt;\" valign=\"top\" width=\"50%\">\n<p style=\"margin: 6pt 0cm; text-align: justify;\"><strong><span style=\"font-size: 11pt; font-family: Arial, sans-serif;\">E651<\/span><\/strong><span style=\"font-size: 11pt; font-family: Arial, sans-serif;\"> Comercio al por menor de productos textiles, confecci\u00f3n, calzado, pieles y art\u00edculos de cuero<\/span><\/p>\n<p style=\"margin: 6pt 0cm; text-align: justify;\"><strong><span style=\"font-size: 11pt; font-family: Arial, sans-serif;\">E651.1<\/span><\/strong><span style=\"font-size: 11pt; font-family: Arial, sans-serif;\"> Comercio al por menor de productos textiles, confecciones para el hogar, esteras y similares y art\u00edculos de tapicer\u00eda<\/span><\/p>\n<\/td>\n<\/tr>\n<tr style=\"height: 17pt;\">\n<td style=\"width: 50%; border-right: 1pt solid windowtext; border-bottom: 1pt solid windowtext; border-left: 1pt solid windowtext; border-top: none; padding: 0cm 5.4pt; height: 17pt;\" width=\"50%\">\n<p style=\"margin: 6pt 0cm; text-align: justify;\"><span style=\"font-size: 11pt; font-family: Arial, sans-serif;\"><strong>4762<\/strong> Comercio al por menor de peri\u00f3dicos y art\u00edculos de papeler\u00eda en establecimientos especializados<\/span><\/p>\n<\/td>\n<td style=\"width: 50%; border-top: none; border-left: none; border-bottom: 1pt solid windowtext; border-right: 1pt solid windowtext; padding: 0cm 5.4pt; height: 17pt;\" valign=\"top\" width=\"50%\">\n<p style=\"margin: 6pt 0cm; text-align: justify;\"><strong><span style=\"font-size: 11pt; font-family: Arial, sans-serif;\">E659.4<\/span><\/strong><span style=\"font-size: 11pt; font-family: Arial, sans-serif;\"> Comercio al por menor de libros, peri\u00f3dicos, art\u00edculos de papeler\u00eda y escritorio y art\u00edculos de dibujo y bellas artes<\/span><\/p>\n<p style=\"margin: 6pt 0cm; text-align: justify;\"><strong><span style=\"font-size: 11pt; font-family: Arial, sans-serif;\">E675<\/span><\/strong><span style=\"font-size: 11pt; font-family: Arial, sans-serif;\"> Servicios en quioscos, casetas, barracas u otros locales an\u00e1logos, situados en mercados o plazas de alcance, al aire libre en la v\u00eda p\u00fablica o jardines<\/span><\/p>\n<\/td>\n<\/tr>\n<tr style=\"height: 17pt;\">\n<td style=\"width: 50%; border-right: 1pt solid windowtext; border-bottom: 1pt solid windowtext; border-left: 1pt solid windowtext; border-top: none; padding: 0cm 5.4pt; height: 17pt;\" width=\"50%\">\n<p style=\"margin: 6pt 0cm; text-align: justify;\"><span style=\"font-size: 11pt; font-family: Arial, sans-serif;\"><strong>4771<\/strong> Servicios en quioscos, casetas, barracas u otros locales an\u00e1logos, situados en mercados o plazas de alcance, al aire libre en la v\u00eda p\u00fablica o jardines<\/span><\/p>\n<\/td>\n<td style=\"width: 50%; border-top: none; border-left: none; border-bottom: 1pt solid windowtext; border-right: 1pt solid windowtext; padding: 0cm 5.4pt; height: 17pt;\" valign=\"top\" width=\"50%\">\n<h1 style=\"margin: 6pt 0cm; text-align: justify; background: #4f81bd;\"><span style=\"font-size: 10pt; color: #ffffff;\"><span style=\"font-family: Arial, sans-serif;\"><strong>E651.2<\/strong> Comercio al por menor de toda clase de piezas para el traje y peinado<\/span><\/span><\/h1>\n<h1 style=\"margin: 6pt 0cm; text-align: justify; background: #4f81bd;\"><span style=\"font-size: 10pt; color: #ffffff;\"><strong><span style=\"font-family: Arial, sans-serif; text-transform: none;\">E651.3 <\/span><\/strong><span style=\"font-family: Arial, sans-serif; text-transform: none;\">Comercio al por menor de lencer\u00eda y corseteria<\/span><\/span><\/h1>\n<h1 style=\"margin: 6pt 0cm; text-align: justify; background: #4f81bd;\"><span style=\"font-size: 10pt; color: #ffffff;\"><strong><span style=\"font-family: Arial, sans-serif; text-transform: none;\">E651.4<\/span><\/strong><span style=\"font-family: Arial, sans-serif; text-transform: none; font-weight: normal;\"> Comercio al por menor de art\u00edculos de mercer\u00eda y paqueter\u00eda<\/span><\/span><\/h1>\n<h1 style=\"margin: 6pt 0cm; text-align: justify; background: #4f81bd;\"><span style=\"font-size: 10pt; color: #ffffff;\"><strong><span style=\"font-family: Arial, sans-serif; text-transform: none;\">E651.5<\/span><\/strong><span style=\"font-family: Arial, sans-serif; text-transform: none; font-weight: normal;\"> Comercio al por menor de piezas especiales<\/span><\/span><\/h1>\n<h1 style=\"margin: 6pt 0cm; text-align: justify; background: #4f81bd;\"><span style=\"font-size: 10pt; color: #ffffff;\"><strong><span style=\"font-family: Arial, sans-serif; text-transform: none;\">E651.7<\/span><\/strong><span style=\"font-family: Arial, sans-serif; text-transform: none; font-weight: normal;\"> Comercio al por menor de confecciones de peleter\u00eda<\/span><\/span><\/h1>\n<\/td>\n<\/tr>\n<tr style=\"height: 17pt;\">\n<td style=\"width: 50%; border-right: 1pt solid windowtext; border-bottom: 1pt solid windowtext; border-left: 1pt solid windowtext; border-top: none; padding: 0cm 5.4pt; height: 17pt;\" width=\"50%\">\n<p style=\"margin: 6pt 0cm; text-align: justify;\"><span style=\"font-size: 11pt; font-family: Arial, sans-serif;\"><strong>4772<\/strong> Comercio al por menor de calzado y art\u00edculos de cuero en establecimientos especializados<\/span><\/p>\n<\/td>\n<td style=\"width: 50%; border-top: none; border-left: none; border-bottom: 1pt solid windowtext; border-right: 1pt solid windowtext; padding: 0cm 5.4pt; height: 17pt;\" valign=\"top\" width=\"50%\">\n<p style=\"margin: 6pt 0cm; text-align: justify;\"><strong><span style=\"font-size: 11pt; font-family: Arial, sans-serif;\">E651<\/span><\/strong><span style=\"font-size: 11pt; font-family: Arial, sans-serif;\"> Comercio al por menor de productos textiles, confecci\u00f3n, calzado, pieles y art\u00edculos de cuero<\/span><\/p>\n<p style=\"margin: 6pt 0cm; text-align: justify;\"><strong><span style=\"font-size: 11pt; font-family: Arial, sans-serif;\">E651.6<\/span><\/strong><span style=\"font-size: 11pt; font-family: Arial, sans-serif;\"> Comercio al por menor de calzado, art\u00edculos de piel e imitaci\u00f3n o productos sustitutivos, cinturones, carteras, bolsas, maletas y art\u00edculos de viaje en general<\/span><\/p>\n<\/td>\n<\/tr>\n<tr style=\"height: 17pt;\">\n<td style=\"width: 50%; border-right: 1pt solid windowtext; border-bottom: 1pt solid windowtext; border-left: 1pt solid windowtext; border-top: none; padding: 0cm 5.4pt; height: 17pt;\" width=\"50%\">\n<p style=\"margin: 6pt 0cm; text-align: justify;\"><span style=\"font-size: 11pt; font-family: Arial, sans-serif;\"><strong>4939<\/strong> Tipo de transporte terrestre de pasajeros no comprendido en otras partes<\/span><\/p>\n<\/td>\n<td style=\"width: 50%; border-top: none; border-left: none; border-bottom: 1pt solid windowtext; border-right: 1pt solid windowtext; padding: 0cm 5.4pt; height: 17pt;\" valign=\"top\" width=\"50%\">\n<p style=\"margin: 6pt 0cm; text-align: justify;\"><strong><span style=\"font-size: 11pt; font-family: Arial, sans-serif;\">E721&nbsp; &nbsp;&nbsp;<\/span><\/strong><span style=\"font-size: 11pt; font-family: Arial, sans-serif;\">Transporte de viajeros<\/span><\/p>\n<p style=\"margin: 6pt 0cm; text-align: justify;\"><strong><span style=\"font-size: 11pt; font-family: Arial, sans-serif;\">E721.3<\/span><\/strong><span style=\"font-size: 11pt; font-family: Arial, sans-serif;\">&nbsp; Transporte de viajeros por carretera<\/span><\/p>\n<\/td>\n<\/tr>\n<tr style=\"height: 17pt;\">\n<td style=\"width: 50%; border-right: 1pt solid windowtext; border-bottom: 1pt solid windowtext; border-left: 1pt solid windowtext; border-top: none; padding: 0cm 5.4pt; height: 17pt;\" width=\"50%\">\n<p style=\"margin: 6pt 0cm; text-align: justify;\"><span style=\"font-size: 11pt; font-family: Arial, sans-serif;\"><strong>5813<\/strong> Edici\u00f3n de peri\u00f3dicos<\/span><\/p>\n<\/td>\n<td style=\"width: 50%; border-top: none; border-left: none; border-bottom: 1pt solid windowtext; border-right: 1pt solid windowtext; padding: 0cm 5.4pt; height: 17pt;\" valign=\"top\" width=\"50%\">\n<p style=\"margin: 6pt 0cm;\"><strong><span style=\"font-size: 11pt; font-family: Arial, sans-serif;\">E476.2&nbsp; &nbsp;<\/span><\/strong><span style=\"font-size: 11pt; font-family: Arial, sans-serif;\">Edici\u00f3n de peri\u00f3dicos y revistas<\/span><\/p>\n<\/td>\n<\/tr>\n<tr style=\"height: 17pt;\">\n<td style=\"width: 50%; border-right: 1pt solid windowtext; border-bottom: 1pt solid windowtext; border-left: 1pt solid windowtext; border-top: none; padding: 0cm 5.4pt; height: 17pt;\" width=\"50%\">\n<p style=\"margin: 6pt 0cm; text-align: justify;\"><span style=\"font-size: 11pt; font-family: Arial, sans-serif;\"><strong>9523<\/strong> Reparaci\u00f3n de calzado y art\u00edculos textiles y de piel<\/span><\/p>\n<\/td>\n<td style=\"width: 50%; border-top: none; border-left: none; border-bottom: 1pt solid windowtext; border-right: 1pt solid windowtext; padding: 0cm 5.4pt; height: 17pt;\" valign=\"top\" width=\"50%\">\n<p style=\"margin: 6pt 0cm; text-align: justify;\"><strong><span style=\"font-size: 11pt; font-family: Arial, sans-serif;\">E691.9&nbsp;<\/span><\/strong><span style=\"font-size: 11pt; font-family: Arial, sans-serif;\">Reparaci\u00f3n otros corderos de consumo no comprendidos en otras partes<\/span><\/p>\n<p style=\"margin: 6pt 0cm; text-align: justify;\"><strong><span style=\"font-size: 11pt; font-family: Arial, sans-serif;\">E699<\/span><\/strong><span style=\"font-size: 11pt; font-family: Arial, sans-serif;\">&nbsp; &nbsp;Otras reparaciones no comprendidas en otras partes<\/span><\/p>\n<\/td>\n<\/tr>\n<\/tbody>\n<\/table>\n<p><img fetchpriority=\"high\" decoding=\"async\" style=\"float: left;\" src=\"https:\/\/alzira.es\/wp-content\/uploads\/2021\/09\/calcer.jpg\" alt=\"calcer\" width=\"876\" height=\"566\" \/><\/p>\n","protected":false},"excerpt":{"rendered":"<p>\u2022 La segunda fase se cierra con el pago de 126.600 euros a los sectores de la fiesta y ocio Ayer se aprobaban en Junta de Gobierno Extraordinaria las bases para la tercera fase del Plan Resistir, que ir\u00e1 destinado al comercio de textil, calzado, artes gr\u00e1ficas y otras actividades de impresi\u00f3n, papeler\u00edas, servicios de &hellip; <\/p>\n<p class=\"link-more\"><a href=\"https:\/\/alzira.es\/es\/aprovades-les-bases-per-a-la-tercera-fase-del-pla-resistir-al-comerc-textil-calcer-i-arts-grafiques-entre-altres\/\" class=\"more-link\">Continuar leyendo<span class=\"screen-reader-text\"> \u00abAprobadas las bases para la tercera fase del Plan Resistir al comercio textil, calzado y artes gr\u00e1ficas entre otras\u00bb<\/span><\/a><\/p>\n","protected":false},"author":29,"featured_media":0,"comment_status":"closed","ping_status":"closed","sticky":false,"template":"","format":"standard","meta":{"_acf_changed":false,"footnotes":""},"categories":[4936],"tags":[],"class_list":["post-90189","post","type-post","status-publish","format-standard","hentry","category-hemeroteca-es"],"acf":[],"_links":{"self":[{"href":"https:\/\/alzira.es\/es\/wp-json\/wp\/v2\/posts\/90189","targetHints":{"allow":["GET"]}}],"collection":[{"href":"https:\/\/alzira.es\/es\/wp-json\/wp\/v2\/posts"}],"about":[{"href":"https:\/\/alzira.es\/es\/wp-json\/wp\/v2\/types\/post"}],"author":[{"embeddable":true,"href":"https:\/\/alzira.es\/es\/wp-json\/wp\/v2\/users\/29"}],"replies":[{"embeddable":true,"href":"https:\/\/alzira.es\/es\/wp-json\/wp\/v2\/comments?post=90189"}],"version-history":[{"count":0,"href":"https:\/\/alzira.es\/es\/wp-json\/wp\/v2\/posts\/90189\/revisions"}],"wp:attachment":[{"href":"https:\/\/alzira.es\/es\/wp-json\/wp\/v2\/media?parent=90189"}],"wp:term":[{"taxonomy":"category","embeddable":true,"href":"https:\/\/alzira.es\/es\/wp-json\/wp\/v2\/categories?post=90189"},{"taxonomy":"post_tag","embeddable":true,"href":"https:\/\/alzira.es\/es\/wp-json\/wp\/v2\/tags?post=90189"}],"curies":[{"name":"wp","href":"https:\/\/api.w.org\/{rel}","templated":true}]}}