{"id":90188,"date":"2021-04-29T08:53:21","date_gmt":"2021-04-29T06:53:21","guid":{"rendered":"https:\/\/alzira.es\/la-regidoria-de-serveis-urbans-neteja-i-desin-fecta-el-panells-d-expressio-lliure\/"},"modified":"2021-04-29T08:53:21","modified_gmt":"2021-04-29T06:53:21","slug":"la-regidoria-de-serveis-urbans-neteja-i-desin-fecta-el-panells-d-expressio-lliure","status":"publish","type":"post","link":"https:\/\/alzira.es\/es\/la-regidoria-de-serveis-urbans-neteja-i-desin-fecta-el-panells-d-expressio-lliure\/","title":{"rendered":"La Concejal\u00eda de Servicios Urbanos limpia y desinfecta los paneles de expresi\u00f3n libre"},"content":{"rendered":"<p>La <strong>Concejal\u00eda de Servicios Urbanos<\/strong>, del Ayuntamiento de Alzira, ha procedido a la<strong> limpieza y desinfecci\u00f3n<\/strong>, dentro del programa COVID-19, de los paneles de expresi\u00f3n libro instalados en varios puntos de la ciudad.<\/p>\n<p>Estos paneles fueron ubicados en septiembre de 2015, con el fin de ser una herramienta donde cualquiera pueda expresarse de manera libre, para evitar que la publicidad acabo en el mobiliario urbano.<\/p>\n<p><em>\u00abAlzira cuenta con veintid\u00f3s paneles en que cualquier ciudadano puede hacer uso por ambas caras, como apoyo de los anuncios de particulares o colectivos, y forman parte de la oferta de soportes publicitarios que el Ayuntamiento de Alzira tiene disponibles\u00bb<\/em>, segundos manifiesta <strong>Fernando Pascual<\/strong>, regidor encargado del \u00e1rea.<\/p>\n<p>Alzira fue de las primeras ciudades a dotar con este elemento la v\u00eda p\u00fablica y, seis a\u00f1os despu\u00e9s de la colocaci\u00f3n de los paneles, el balance es totalmente positivo, a pesar de que todav\u00eda hay que incidir en la necesidad del hecho que es en el paneles, y no en las farolas o las fachadas, donde se tiene que colocar la publicidad.<\/p>\n<p style=\"text-align: center;\"><img fetchpriority=\"high\" decoding=\"async\" src=\"https:\/\/alzira.es\/wp-content\/uploads\/2021\/09\/panells_1.jpg\" alt=\"panells 1\" width=\"555\" height=\"416\" \/>&nbsp;<img decoding=\"async\" data-src=\"https:\/\/alzira.es\/wp-content\/uploads\/2021\/09\/panells_2.jpg\" alt=\"panells 2\" width=\"555\" height=\"416\" src=\"data:image\/svg+xml;base64,PHN2ZyB3aWR0aD0iMSIgaGVpZ2h0PSIxIiB4bWxucz0iaHR0cDovL3d3dy53My5vcmcvMjAwMC9zdmciPjwvc3ZnPg==\" class=\"lazyload\" style=\"--smush-placeholder-width: 555px; --smush-placeholder-aspect-ratio: 555\/416;\" \/><\/p>\n<p>&nbsp;<\/p>\n","protected":false},"excerpt":{"rendered":"<p>La Concejal\u00eda de Servicios Urbanos, del Ayuntamiento de Alzira, ha procedido a la limpieza y desinfecci\u00f3n, dentro del programa COVID-19, de los paneles de expresi\u00f3n libro instalados en varios puntos de la ciudad. Estos paneles fueron ubicados en septiembre de 2015, con el fin de ser una herramienta donde cualquiera pueda expresarse de manera libre, &hellip; <\/p>\n<p class=\"link-more\"><a href=\"https:\/\/alzira.es\/es\/la-regidoria-de-serveis-urbans-neteja-i-desin-fecta-el-panells-d-expressio-lliure\/\" class=\"more-link\">Continuar leyendo<span class=\"screen-reader-text\"> \u00abLa Concejal\u00eda de Servicios Urbanos limpia y desinfecta los paneles de expresi\u00f3n libre\u00bb<\/span><\/a><\/p>\n","protected":false},"author":29,"featured_media":0,"comment_status":"closed","ping_status":"closed","sticky":false,"template":"","format":"standard","meta":{"_acf_changed":false,"footnotes":""},"categories":[4936],"tags":[],"class_list":["post-90188","post","type-post","status-publish","format-standard","hentry","category-hemeroteca-es"],"acf":[],"_links":{"self":[{"href":"https:\/\/alzira.es\/es\/wp-json\/wp\/v2\/posts\/90188","targetHints":{"allow":["GET"]}}],"collection":[{"href":"https:\/\/alzira.es\/es\/wp-json\/wp\/v2\/posts"}],"about":[{"href":"https:\/\/alzira.es\/es\/wp-json\/wp\/v2\/types\/post"}],"author":[{"embeddable":true,"href":"https:\/\/alzira.es\/es\/wp-json\/wp\/v2\/users\/29"}],"replies":[{"embeddable":true,"href":"https:\/\/alzira.es\/es\/wp-json\/wp\/v2\/comments?post=90188"}],"version-history":[{"count":0,"href":"https:\/\/alzira.es\/es\/wp-json\/wp\/v2\/posts\/90188\/revisions"}],"wp:attachment":[{"href":"https:\/\/alzira.es\/es\/wp-json\/wp\/v2\/media?parent=90188"}],"wp:term":[{"taxonomy":"category","embeddable":true,"href":"https:\/\/alzira.es\/es\/wp-json\/wp\/v2\/categories?post=90188"},{"taxonomy":"post_tag","embeddable":true,"href":"https:\/\/alzira.es\/es\/wp-json\/wp\/v2\/tags?post=90188"}],"curies":[{"name":"wp","href":"https:\/\/api.w.org\/{rel}","templated":true}]}}