{"id":90184,"date":"2021-04-28T10:19:28","date_gmt":"2021-04-28T08:19:28","guid":{"rendered":"https:\/\/alzira.es\/el-mercat-de-la-vila-realitza-una-campanya-per-a-commemorar-el-dia-de-la-mare\/"},"modified":"2021-04-28T10:19:28","modified_gmt":"2021-04-28T08:19:28","slug":"el-mercat-de-la-vila-realitza-una-campanya-per-a-commemorar-el-dia-de-la-mare","status":"publish","type":"post","link":"https:\/\/alzira.es\/es\/el-mercat-de-la-vila-realitza-una-campanya-per-a-commemorar-el-dia-de-la-mare\/","title":{"rendered":"El Mercado de la Vila realiza una campa\u00f1a para conmemorar el D\u00eda de la Madre"},"content":{"rendered":"<p><strong>El D\u00eda de la Madre se conmemora este a\u00f1o de una manera especial en el Mercado de la Vila<\/strong>,<strong> repartiendo una rosa entre los compradores<\/strong>.<\/p>\n<p>La Concejal\u00eda de Servicios Urbanos, del Ayuntamiento de Alzira, impulsa esta campa\u00f1a que se realiza hoy mi\u00e9rcoles, ma\u00f1ana y viernes.<\/p>\n<p><em>\u00abAtendiendo las peticiones de los vendedores del Mercado de la Vila y de su presidenta, <strong>Andrea Pe\u00f1a<\/strong>, hemos hecho posible la campa\u00f1a para conmemorar el D\u00eda de la Madre, puesto que una de los objetivos de la Concejal\u00eda es la de escuchar a los vendedores, que al fin son los que dan vida en este espacio\u00bb<\/em>, seg\u00fan <strong>Fernando Pascual<\/strong>, regidor de Servicios Urbanos y encargado del \u00e1rea de mercados.<\/p>\n<p>Con esta nueva campa\u00f1a lo que se persigue es continuar incentivando las compras en este emblem\u00e1tico espacio de nuestra ciudad donde los vendedores muestran toda su experiencia y profesionalidad a los clientes que deciden realizar las compras en el Mercado de la Vila.<\/p>\n<p style=\"text-align: center;\"><img fetchpriority=\"high\" decoding=\"async\" src=\"https:\/\/alzira.es\/wp-content\/uploads\/2021\/09\/vila_1.jpg\" alt=\"vila 1\" width=\"800\" height=\"484\" \/><\/p>\n<p style=\"text-align: center;\"><img decoding=\"async\" data-src=\"https:\/\/alzira.es\/wp-content\/uploads\/2021\/09\/vila_5.jpg\" alt=\"vila 5\" width=\"395\" height=\"516\" src=\"data:image\/svg+xml;base64,PHN2ZyB3aWR0aD0iMSIgaGVpZ2h0PSIxIiB4bWxucz0iaHR0cDovL3d3dy53My5vcmcvMjAwMC9zdmciPjwvc3ZnPg==\" class=\"lazyload\" style=\"--smush-placeholder-width: 395px; --smush-placeholder-aspect-ratio: 395\/516;\" \/>&nbsp;<img decoding=\"async\" data-src=\"https:\/\/alzira.es\/wp-content\/uploads\/2021\/09\/vila_6.jpg\" alt=\"vila 6\" width=\"398\" height=\"516\" src=\"data:image\/svg+xml;base64,PHN2ZyB3aWR0aD0iMSIgaGVpZ2h0PSIxIiB4bWxucz0iaHR0cDovL3d3dy53My5vcmcvMjAwMC9zdmciPjwvc3ZnPg==\" class=\"lazyload\" style=\"--smush-placeholder-width: 398px; --smush-placeholder-aspect-ratio: 398\/516;\" \/><\/p>\n","protected":false},"excerpt":{"rendered":"<p>El D\u00eda de la Madre se conmemora este a\u00f1o de una manera especial en el Mercado de la Vila, repartiendo una rosa entre los compradores. La Concejal\u00eda de Servicios Urbanos, del Ayuntamiento de Alzira, impulsa esta campa\u00f1a que se realiza hoy mi\u00e9rcoles, ma\u00f1ana y viernes. \u00abAtendiendo las peticiones de los vendedores del Mercado de la &hellip; <\/p>\n<p class=\"link-more\"><a href=\"https:\/\/alzira.es\/es\/el-mercat-de-la-vila-realitza-una-campanya-per-a-commemorar-el-dia-de-la-mare\/\" class=\"more-link\">Continuar leyendo<span class=\"screen-reader-text\"> \u00abEl Mercado de la Vila realiza una campa\u00f1a para conmemorar el D\u00eda de la Madre\u00bb<\/span><\/a><\/p>\n","protected":false},"author":29,"featured_media":0,"comment_status":"closed","ping_status":"closed","sticky":false,"template":"","format":"standard","meta":{"_acf_changed":false,"footnotes":""},"categories":[4936],"tags":[],"class_list":["post-90184","post","type-post","status-publish","format-standard","hentry","category-hemeroteca-es"],"acf":[],"_links":{"self":[{"href":"https:\/\/alzira.es\/es\/wp-json\/wp\/v2\/posts\/90184","targetHints":{"allow":["GET"]}}],"collection":[{"href":"https:\/\/alzira.es\/es\/wp-json\/wp\/v2\/posts"}],"about":[{"href":"https:\/\/alzira.es\/es\/wp-json\/wp\/v2\/types\/post"}],"author":[{"embeddable":true,"href":"https:\/\/alzira.es\/es\/wp-json\/wp\/v2\/users\/29"}],"replies":[{"embeddable":true,"href":"https:\/\/alzira.es\/es\/wp-json\/wp\/v2\/comments?post=90184"}],"version-history":[{"count":0,"href":"https:\/\/alzira.es\/es\/wp-json\/wp\/v2\/posts\/90184\/revisions"}],"wp:attachment":[{"href":"https:\/\/alzira.es\/es\/wp-json\/wp\/v2\/media?parent=90184"}],"wp:term":[{"taxonomy":"category","embeddable":true,"href":"https:\/\/alzira.es\/es\/wp-json\/wp\/v2\/categories?post=90184"},{"taxonomy":"post_tag","embeddable":true,"href":"https:\/\/alzira.es\/es\/wp-json\/wp\/v2\/tags?post=90184"}],"curies":[{"name":"wp","href":"https:\/\/api.w.org\/{rel}","templated":true}]}}