{"id":90183,"date":"2021-04-28T10:03:50","date_gmt":"2021-04-28T08:03:50","guid":{"rendered":"https:\/\/alzira.es\/les-proves-de-la-pau-se-celebraran-a-alzira-els-dies-8-9-i-10-de-juny\/"},"modified":"2021-04-28T10:03:50","modified_gmt":"2021-04-28T08:03:50","slug":"les-proves-de-la-pau-se-celebraran-a-alzira-els-dies-8-9-i-10-de-juny","status":"publish","type":"post","link":"https:\/\/alzira.es\/es\/les-proves-de-la-pau-se-celebraran-a-alzira-els-dies-8-9-i-10-de-juny\/","title":{"rendered":"Las pruebas de la PAU se celebrar\u00e1n a Alzira los d\u00edas 8, 9 y 10 de junio"},"content":{"rendered":"<h3><em>\u2022 La Sala Cotonera, junto a la estaci\u00f3n de Renfe, albergar\u00e1 los ex\u00e1menes de junio y la EPA los de julio<\/em><\/h3>\n<p><strong>El Ayuntamiento de Alzira recib\u00eda<\/strong> ayer al final de la ma\u00f1ana la <strong>confirmaci\u00f3n oficial<\/strong> por parte de la <strong>Universitat Polit\u00e8cnica de Val\u00e8ncia<\/strong> para trasladar el <strong>tribunal evaluador de las Pruebas de Acceso a la Universidad en la Sala Cotonera de Alzira<\/strong> en su convocatoria ordinaria el mes de junio.<\/p>\n<p>Desde el Ayuntamiento se ha hecho el contacto con la Sala de Acontecimientos Cotonera, situada justo junto a la estaci\u00f3n de Renfe Alzira, una situaci\u00f3n que favorece el desplazamiento del estudiantado de Algemes\u00ed, Carcaixent, Albalat de la Ribera y La Pobla Llarga. Adem\u00e1s la zona tiene espacio para el aparcamiento y una parada del bus municipal pr\u00f3xima.<\/p>\n<p>La pasada semana, se enviaron los informes t\u00e9cnicos que reclamaba la UPV para justificar que el espacio que se ofrece cumple con las medidas de seguridad extraordinarias derivadas de la pandemia de coronavirus. La documentaci\u00f3n enviada a la comisi\u00f3n gestora de las pruebas PAU, incluye: el plan de contingencia, los planos de distribuci\u00f3n de estudiantes y tribunal as\u00ed como las zonas de espera, el plano de ubicaci\u00f3n de la Cotonera, un informe de evoluci\u00f3n de la matr\u00edcula para calcular la cantidad de personas que se presentar\u00edan a las pruebas y el protocolo de realizaci\u00f3n de las pruebas entre otras.<\/p>\n<p><em>\u00abEstamos muy satisfechos del trabajo conjunto que hemos hecho, porque ha evitado que nuestros estudiantes tengan que moverse y desplazarse a Val\u00e8ncia. Es muy buena noticia y por eso quiero agradecer en la Sala Cotonera las facilidades que nos han dado para poder cubrir las necesidades, en un momento en que nuestros j\u00f3venes se juegan el futuro. Tambi\u00e9n hay que destacar el esfuerzo de los t\u00e9cnicos municipales para hacer la adaptaci\u00f3n necesaria y ajustada a los requisitos\u00bb<\/em>, ha explicado el alcalde de la ciudad, <strong>Diego G\u00f3mez<\/strong>.<\/p>\n<p>Las instalaciones de <strong>cerca de 4000 m\u00b2<\/strong> distribuidos en tres estancias son adecuadas y convenientes para que se respetan las distancias de seguridad y permiten puntos de entrada y salida diferenciadas. En total habr\u00e1 <strong>tres salas destinadas al alumnado<\/strong>, se ha reservado una sala, la m\u00e1s peque\u00f1a del complejo, para el tribunal, y tambi\u00e9n se habilitar\u00e1 otra para los tiempos de espera de los estudiantes e incluso como comedor para aquellos que vienen de otras localidades.<\/p>\n<p>En base a los datos de a\u00f1os anteriores, se ha estimado un <strong>aforo de 570 personas<\/strong> entre alumnas que realizan la PAU y profesores contemplando que acudir\u00e1n a realizar las pruebes estudiantes de los 5 municipios.<\/p>\n<p>Como ya se hab\u00eda anunciado en el caso de la <strong>convocatoria extraordinaria<\/strong> del mes de<strong> julio<\/strong>, las pruebas continuar\u00e1n en la sede del Centro de Formaci\u00f3n de Personas Adultas, Enric Valor puesto que el aforo previsto es adecuado a las instalaciones municipales<\/p>\n<p>El pasado mas de enero, el gobierno de Espa\u00f1a anunci\u00f3 las nuevas caracter\u00edsticas para las pruebas de acceso en la universidad, seg\u00fan las cuales la sede habitual, el CFPA, Enric Valor, no resultaba adecuada para llevar a cabo las pruebas.<\/p>\n<p>Al plenario del mes de marzo, todas las fuerzas pol\u00edticas locales presentaron una moci\u00f3n conjunta para pedir que se mantuviera Alzira como municipio de realizaci\u00f3n de las pruebas.<\/p>\n<p style=\"text-align: center;\"><img fetchpriority=\"high\" decoding=\"async\" src=\"https:\/\/alzira.es\/wp-content\/uploads\/2021\/09\/Detalle_Sat\u00e9lite.png\" alt=\"Detalle Sat\u00e9lite\" width=\"1068\" height=\"657\" \/><\/p>\n","protected":false},"excerpt":{"rendered":"<p>\u2022 La Sala Cotonera, junto a la estaci\u00f3n de Renfe, albergar\u00e1 los ex\u00e1menes de junio y la EPA los de julio El Ayuntamiento de Alzira recib\u00eda ayer al final de la ma\u00f1ana la confirmaci\u00f3n oficial por parte de la Universitat Polit\u00e8cnica de Val\u00e8ncia para trasladar el tribunal evaluador de las Pruebas de Acceso a la &hellip; <\/p>\n<p class=\"link-more\"><a href=\"https:\/\/alzira.es\/es\/les-proves-de-la-pau-se-celebraran-a-alzira-els-dies-8-9-i-10-de-juny\/\" class=\"more-link\">Continuar leyendo<span class=\"screen-reader-text\"> \u00abLas pruebas de la PAU se celebrar\u00e1n a Alzira los d\u00edas 8, 9 y 10 de junio\u00bb<\/span><\/a><\/p>\n","protected":false},"author":29,"featured_media":0,"comment_status":"closed","ping_status":"closed","sticky":false,"template":"","format":"standard","meta":{"_acf_changed":false,"footnotes":""},"categories":[4936],"tags":[],"class_list":["post-90183","post","type-post","status-publish","format-standard","hentry","category-hemeroteca-es"],"acf":[],"_links":{"self":[{"href":"https:\/\/alzira.es\/es\/wp-json\/wp\/v2\/posts\/90183","targetHints":{"allow":["GET"]}}],"collection":[{"href":"https:\/\/alzira.es\/es\/wp-json\/wp\/v2\/posts"}],"about":[{"href":"https:\/\/alzira.es\/es\/wp-json\/wp\/v2\/types\/post"}],"author":[{"embeddable":true,"href":"https:\/\/alzira.es\/es\/wp-json\/wp\/v2\/users\/29"}],"replies":[{"embeddable":true,"href":"https:\/\/alzira.es\/es\/wp-json\/wp\/v2\/comments?post=90183"}],"version-history":[{"count":0,"href":"https:\/\/alzira.es\/es\/wp-json\/wp\/v2\/posts\/90183\/revisions"}],"wp:attachment":[{"href":"https:\/\/alzira.es\/es\/wp-json\/wp\/v2\/media?parent=90183"}],"wp:term":[{"taxonomy":"category","embeddable":true,"href":"https:\/\/alzira.es\/es\/wp-json\/wp\/v2\/categories?post=90183"},{"taxonomy":"post_tag","embeddable":true,"href":"https:\/\/alzira.es\/es\/wp-json\/wp\/v2\/tags?post=90183"}],"curies":[{"name":"wp","href":"https:\/\/api.w.org\/{rel}","templated":true}]}}